{"id":232626,"date":"2025-10-23T11:40:04","date_gmt":"2025-10-23T14:40:04","guid":{"rendered":"https:\/\/corrientesdetarde.com\/?p=232626"},"modified":"2025-10-23T11:40:12","modified_gmt":"2025-10-23T14:40:12","slug":"gustavo-costas-tras-la-derrota-de-racing-con-flamengo-vamos-a-ir-a-lima","status":"publish","type":"post","link":"https:\/\/corrientesdetarde.com\/index.php\/deportes\/gustavo-costas-tras-la-derrota-de-racing-con-flamengo-vamos-a-ir-a-lima\/","title":{"rendered":"Gustavo Costas, tras la derrota de Racing con Flamengo: &#8220;Vamos a ir a Lima&#8221;"},"content":{"rendered":"\n<p>El entrenador remarc\u00f3 la confianza que le generan sus jugadores, que considera que clasificar\u00e1n a la final de la Libertadores.<\/p>\n\n\n\n<p>El entrenador de Racing, Gustavo Costas, se mostr\u00f3 muy confiado y orgulloso con lo hecho por sus dirigidos en la ida de la semifinal de la Copa Libertadores, ante Flamengo de Brasil, y asegur\u00f3 que est\u00e1n &#8220;m\u00e1s vivos que nunca&#8221; de cara a la posibilidad de jugar una nueva final.<\/p>\n\n\n\n<p>Adem\u00e1s, el DT valor\u00f3 la capacidad de sus jugadores para jugar &#8220;de igual a igual&#8221;, a pesar de tener varios jugadores con problemas f\u00edsicos, y afirm\u00f3 que &#8220;el partido sigue abierto&#8221;.<\/p>\n\n\n\n<p>Racing cay\u00f3 por 1 a 0 en la primera semifinal de la Libertadores, en el Maracan\u00e1, y se jugar\u00e1 la clasificaci\u00f3n a la final el pr\u00f3ximo mi\u00e9rcoles 29 de octubre, a las 21:30, en el &#8220;Cilindro&#8221; de Avellaneda.<\/p>\n\n\n\n<p>&#8220;A nadie le gusta perder, pero estoy orgulloso de este plantel&#8221; fue la frase con la que Costas abri\u00f3 la conferencia de prensa, despu\u00e9s de caer con Flamengo con un gol sobre la hora.<\/p>\n\n\n\n<p>El DT de 62 a\u00f1os se qued\u00f3 con la entrega de sus jugadores, de los cuales &#8220;muchos no estaban al 100%&#8221; desde lo f\u00edsico, y remarc\u00f3 que se plantaron para jugar &#8220;de igual a igual&#8221;, a pesar de que el conjunto brasile\u00f1o &#8220;tiene un equipazo, billetera m\u00e1s grande y m\u00e1s poder&#8221;.<\/p>\n\n\n\n<p>Sobre el partido de vuelta, Costas opin\u00f3 que la serie sigue abierta y que tienen que estar &#8220;m\u00e1s juntos que nunca&#8221;, tanto jugadores como hinchas, remarcando que est\u00e1n &#8220;vivos&#8221; y que, en el &#8220;Cilindro&#8221; se jugar\u00e1n el sue\u00f1o de clasificar. Sobre estos \u00faltimos, el entrenador agradeci\u00f3 &#8220;por todo el apoyo que le dieron al plantel&#8221; y por haber viajado hasta Brasil para alentar.<\/p>\n\n\n\n<p>En cuanto al gol anulado del mediocampista Santiago Sosa, en el principio del segundo tiempo, el exentrenador del seleccionado boliviano afirm\u00f3 &#8220;no saber&#8221; el motivo de la invalidez del mismo, aunque asumi\u00f3 que &#8220;habr\u00e1 sido muy grande lo que hizo Sosa&#8221; para que no haya llamado desde el VAR.<\/p>\n\n\n\n<p>Costas asegur\u00f3 irse con &#8220;una bronca enorme&#8221; pero sin tristeza y reconoci\u00f3 el gran partido de sus dirigido, principalmente del arquero Facundo Cambeses, pieza fundamental para que la derrota fuera solo por un gol.<\/p>\n\n\n\n<p>&#8220;Vamos a ir a Lima&#8221;, sentenci\u00f3 Gustavo Costas, haciendo referencia a la ciudad en la que se disputar\u00e1 la final de la Libertadores y con plena confianza en continuar escribiendo algunas de las p\u00e1ginas m\u00e1s doradas de la historia de Racing.<\/p>\n","protected":false},"excerpt":{"rendered":"<p>El entrenador remarc\u00f3 la confianza que le generan sus jugadores, que considera que clasificar\u00e1n a la final de la Libertadores. El entrenador de Racing, Gustavo Costas, se mostr\u00f3 muy confiado&hellip; <\/p>\n","protected":false},"author":4,"featured_media":232627,"comment_status":"closed","ping_status":"open","sticky":false,"template":"","format":"standard","meta":{"footnotes":""},"categories":[4],"tags":[],"class_list":["post-232626","post","type-post","status-publish","format-standard","has-post-thumbnail","hentry","category-deportes"],"_links":{"self":[{"href":"https:\/\/corrientesdetarde.com\/index.php\/wp-json\/wp\/v2\/posts\/232626","targetHints":{"allow":["GET"]}}],"collection":[{"href":"https:\/\/corrientesdetarde.com\/index.php\/wp-json\/wp\/v2\/posts"}],"about":[{"href":"https:\/\/corrientesdetarde.com\/index.php\/wp-json\/wp\/v2\/types\/post"}],"author":[{"embeddable":true,"href":"https:\/\/corrientesdetarde.com\/index.php\/wp-json\/wp\/v2\/users\/4"}],"replies":[{"embeddable":true,"href":"https:\/\/corrientesdetarde.com\/index.php\/wp-json\/wp\/v2\/comments?post=232626"}],"version-history":[{"count":1,"href":"https:\/\/corrientesdetarde.com\/index.php\/wp-json\/wp\/v2\/posts\/232626\/revisions"}],"predecessor-version":[{"id":232628,"href":"https:\/\/corrientesdetarde.com\/index.php\/wp-json\/wp\/v2\/posts\/232626\/revisions\/232628"}],"wp:featuredmedia":[{"embeddable":true,"href":"https:\/\/corrientesdetarde.com\/index.php\/wp-json\/wp\/v2\/media\/232627"}],"wp:attachment":[{"href":"https:\/\/corrientesdetarde.com\/index.php\/wp-json\/wp\/v2\/media?parent=232626"}],"wp:term":[{"taxonomy":"category","embeddable":true,"href":"https:\/\/corrientesdetarde.com\/index.php\/wp-json\/wp\/v2\/categories?post=232626"},{"taxonomy":"post_tag","embeddable":true,"href":"https:\/\/corrientesdetarde.com\/index.php\/wp-json\/wp\/v2\/tags?post=232626"}],"curies":[{"name":"wp","href":"https:\/\/api.w.org\/{rel}","templated":true}]}}