{"id":232637,"date":"2025-10-23T12:02:49","date_gmt":"2025-10-23T15:02:49","guid":{"rendered":"https:\/\/corrientesdetarde.com\/?p=232637"},"modified":"2025-10-23T12:02:49","modified_gmt":"2025-10-23T15:02:49","slug":"fiesta-de-la-educacion-fisica-y-la-familia-postergada","status":"publish","type":"post","link":"https:\/\/corrientesdetarde.com\/index.php\/actualidad\/fiesta-de-la-educacion-fisica-y-la-familia-postergada\/","title":{"rendered":"Fiesta de la Educaci\u00f3n F\u00edsica y la Familia, postergada"},"content":{"rendered":"\n<p>&nbsp;La Fiesta de la Educaci\u00f3n F\u00edsica y la Familia de los Centros de Desarrollo Infantil, ha sido postergada por las inclemencias clim\u00e1ticas en la fecha. La misma deb\u00eda realizarse este jueves a las 19, en el Estadio Club Boca Unidos de Corrientes.<\/p>\n\n\n\n<figure class=\"wp-block-image size-full\"><img loading=\"lazy\" decoding=\"async\" width=\"722\" height=\"895\" src=\"https:\/\/corrientesdetarde.com\/wp-content\/uploads\/2025\/10\/image-771.png\" alt=\"\" class=\"wp-image-232638\" srcset=\"https:\/\/corrientesdetarde.com\/wp-content\/uploads\/2025\/10\/image-771.png 722w, https:\/\/corrientesdetarde.com\/wp-content\/uploads\/2025\/10\/image-771-242x300.png 242w\" sizes=\"auto, (max-width: 722px) 100vw, 722px\" \/><\/figure>\n","protected":false},"excerpt":{"rendered":"<p>&nbsp;La Fiesta de la Educaci\u00f3n F\u00edsica y la Familia de los Centros de Desarrollo Infantil, ha sido postergada por las inclemencias clim\u00e1ticas en la fecha. La misma deb\u00eda realizarse este&hellip; <\/p>\n","protected":false},"author":4,"featured_media":232639,"comment_status":"closed","ping_status":"open","sticky":false,"template":"","format":"standard","meta":{"footnotes":""},"categories":[23],"tags":[],"class_list":["post-232637","post","type-post","status-publish","format-standard","has-post-thumbnail","hentry","category-actualidad"],"_links":{"self":[{"href":"https:\/\/corrientesdetarde.com\/index.php\/wp-json\/wp\/v2\/posts\/232637","targetHints":{"allow":["GET"]}}],"collection":[{"href":"https:\/\/corrientesdetarde.com\/index.php\/wp-json\/wp\/v2\/posts"}],"about":[{"href":"https:\/\/corrientesdetarde.com\/index.php\/wp-json\/wp\/v2\/types\/post"}],"author":[{"embeddable":true,"href":"https:\/\/corrientesdetarde.com\/index.php\/wp-json\/wp\/v2\/users\/4"}],"replies":[{"embeddable":true,"href":"https:\/\/corrientesdetarde.com\/index.php\/wp-json\/wp\/v2\/comments?post=232637"}],"version-history":[{"count":1,"href":"https:\/\/corrientesdetarde.com\/index.php\/wp-json\/wp\/v2\/posts\/232637\/revisions"}],"predecessor-version":[{"id":232640,"href":"https:\/\/corrientesdetarde.com\/index.php\/wp-json\/wp\/v2\/posts\/232637\/revisions\/232640"}],"wp:featuredmedia":[{"embeddable":true,"href":"https:\/\/corrientesdetarde.com\/index.php\/wp-json\/wp\/v2\/media\/232639"}],"wp:attachment":[{"href":"https:\/\/corrientesdetarde.com\/index.php\/wp-json\/wp\/v2\/media?parent=232637"}],"wp:term":[{"taxonomy":"category","embeddable":true,"href":"https:\/\/corrientesdetarde.com\/index.php\/wp-json\/wp\/v2\/categories?post=232637"},{"taxonomy":"post_tag","embeddable":true,"href":"https:\/\/corrientesdetarde.com\/index.php\/wp-json\/wp\/v2\/tags?post=232637"}],"curies":[{"name":"wp","href":"https:\/\/api.w.org\/{rel}","templated":true}]}}