{"id":232641,"date":"2025-10-23T12:09:49","date_gmt":"2025-10-23T15:09:49","guid":{"rendered":"https:\/\/corrientesdetarde.com\/?p=232641"},"modified":"2025-10-23T12:10:20","modified_gmt":"2025-10-23T15:10:20","slug":"taragui-rock-2025-se-abre-el-periodo-de-acreditaciones-para-la-prensa","status":"publish","type":"post","link":"https:\/\/corrientesdetarde.com\/index.php\/actualidad\/taragui-rock-2025-se-abre-el-periodo-de-acreditaciones-para-la-prensa\/","title":{"rendered":"Tarag\u00fc\u00ed Rock 2025: se abre el per\u00edodo de acreditaciones para la prensa"},"content":{"rendered":"\n<p>Avanzan los preparativos para una nueva edici\u00f3n del festival de&nbsp;rock&nbsp;m\u00e1s importante de la regi\u00f3n. El Instituto de Cultura de Corrientes informa que se encuentra habilitado el per\u00edodo de acreditaci\u00f3n para los medios de prensa interesados en realizar la cobertura del evento, a realizarse el s\u00e1bado 1 y domingo 2 de noviembre, en el anfiteatro Mario del Tr\u00e1nsito Cocomarola.<\/p>\n\n\n\n<p>Deber\u00e1n enviar las solicitudes con el asunto&nbsp;TARAGUI ROCK&nbsp;2025, al siguiente correo electr\u00f3nico:&nbsp;<a href=\"mailto:acreditaciones.cultura@gmail.com\" target=\"_blank\" rel=\"noreferrer noopener\">acreditaciones.cultura@gmail.com<\/a>&nbsp;y tienen tiempo de hacerlo hasta el mi\u00e9rcoles 29 de octubre inclusive (hasta el mediod\u00eda). No se aceptar\u00e1n solicitudes despu\u00e9s de esa fecha.<\/p>\n\n\n\n<p>El pedido deber\u00e1 ser realizado mediante una nota formal adjuntada al correo como documento Word (con membrete del medio) y firmada por el director, donde tienen que figurar los datos de las personas a acreditar (nombre, DNI, funci\u00f3n y contacto de celular). En el caso de medios digitales, deben adjuntar adem\u00e1s publicaciones, links de videos y\/o audios de los materiales difundidos vinculados a la edici\u00f3n 2024 y anuncios de la edici\u00f3n 2025.<\/p>\n\n\n\n<p>Se autorizar\u00e1 hasta dos periodistas por medio gr\u00e1fico; dos por medio televisivo -no por programa- (cronista, camar\u00f3grafo y productor); uno por medio radial -no por programa-; y uno en el caso de p\u00e1gina web.<\/p>\n\n\n\n<p>Cabe se\u00f1alar que la cantidad de&nbsp;acreditaciones&nbsp;es limitada, por lo cual la recepci\u00f3n de las solicitudes no asegura la acreditaci\u00f3n. Pasado el per\u00edodo habilitado, los interesados recibir\u00e1n la confirmaci\u00f3n a su direcci\u00f3n de correo electr\u00f3nico \u2013exclusivamente- y tambi\u00e9n los d\u00edas y horarios de entrega de las mismas.<\/p>\n","protected":false},"excerpt":{"rendered":"<p>Avanzan los preparativos para una nueva edici\u00f3n del festival de&nbsp;rock&nbsp;m\u00e1s importante de la regi\u00f3n. El Instituto de Cultura de Corrientes informa que se encuentra habilitado el per\u00edodo de acreditaci\u00f3n para&hellip; <\/p>\n","protected":false},"author":4,"featured_media":232642,"comment_status":"closed","ping_status":"open","sticky":false,"template":"","format":"standard","meta":{"footnotes":""},"categories":[23],"tags":[],"class_list":["post-232641","post","type-post","status-publish","format-standard","has-post-thumbnail","hentry","category-actualidad"],"_links":{"self":[{"href":"https:\/\/corrientesdetarde.com\/index.php\/wp-json\/wp\/v2\/posts\/232641","targetHints":{"allow":["GET"]}}],"collection":[{"href":"https:\/\/corrientesdetarde.com\/index.php\/wp-json\/wp\/v2\/posts"}],"about":[{"href":"https:\/\/corrientesdetarde.com\/index.php\/wp-json\/wp\/v2\/types\/post"}],"author":[{"embeddable":true,"href":"https:\/\/corrientesdetarde.com\/index.php\/wp-json\/wp\/v2\/users\/4"}],"replies":[{"embeddable":true,"href":"https:\/\/corrientesdetarde.com\/index.php\/wp-json\/wp\/v2\/comments?post=232641"}],"version-history":[{"count":1,"href":"https:\/\/corrientesdetarde.com\/index.php\/wp-json\/wp\/v2\/posts\/232641\/revisions"}],"predecessor-version":[{"id":232643,"href":"https:\/\/corrientesdetarde.com\/index.php\/wp-json\/wp\/v2\/posts\/232641\/revisions\/232643"}],"wp:featuredmedia":[{"embeddable":true,"href":"https:\/\/corrientesdetarde.com\/index.php\/wp-json\/wp\/v2\/media\/232642"}],"wp:attachment":[{"href":"https:\/\/corrientesdetarde.com\/index.php\/wp-json\/wp\/v2\/media?parent=232641"}],"wp:term":[{"taxonomy":"category","embeddable":true,"href":"https:\/\/corrientesdetarde.com\/index.php\/wp-json\/wp\/v2\/categories?post=232641"},{"taxonomy":"post_tag","embeddable":true,"href":"https:\/\/corrientesdetarde.com\/index.php\/wp-json\/wp\/v2\/tags?post=232641"}],"curies":[{"name":"wp","href":"https:\/\/api.w.org\/{rel}","templated":true}]}}