{"id":232650,"date":"2025-10-23T12:51:14","date_gmt":"2025-10-23T15:51:14","guid":{"rendered":"https:\/\/corrientesdetarde.com\/?p=232650"},"modified":"2025-10-23T12:51:18","modified_gmt":"2025-10-23T15:51:18","slug":"este-lunes-27-comienza-el-pago-del-plus-especial-para-municipales","status":"publish","type":"post","link":"https:\/\/corrientesdetarde.com\/index.php\/locales\/este-lunes-27-comienza-el-pago-del-plus-especial-para-municipales\/","title":{"rendered":"Este lunes 27 comienza el pago del plus especial para municipales"},"content":{"rendered":"\n<p><em>El cronograma de este adicional de octubre se extender\u00e1 hasta el mi\u00e9rcoles 29, seg\u00fan anunci\u00f3 el intendente Eduardo Tassano a trav\u00e9s de sus redes.<\/em><br>Los trabajadores de planta, contrato y los agentes Neike bancarizados tendr\u00e1n depositado el pago del plus en sus respectivas cuentas bancarias este mismo lunes 27 de octubre, dinero al que podr\u00e1n acceder a trav\u00e9s de los cajeros autom\u00e1ticos habilitados.<br>Por su parte, aquellos trabajadores Neike que no est\u00e1n bancarizados deber\u00e1n dirigirse a la Caja Municipal de Pr\u00e9stamos (CMP), en su sede central, ubicada en Brasil 1269. Los pagos se realizan de lunes a viernes, de 7:30 a 12:30 y de 16 a 20.<br>En este caso, el lunes 27 de octubre les corresponder\u00e1 cobrar a los trabajadores cuyos DNI terminen en 0, 1 y 2. El martes 28, ser\u00e1 el turno de los agentes con DNI finalizados en 3, 4, 5 y 6. Finalizar\u00e1 el mi\u00e9rcoles 29, con documentos terminados en 7, 8 y 9.<br>En tanto, los Neike bancarizados pero que no poseen tarjeta de d\u00e9bito, deber\u00e1n cobrar por ventanilla del Banco de Corrientes (sucursal av. Teniente Ib\u00e1\u00f1ez 1826) de acuerdo al cronograma detallado anteriormente, que va del lunes 27 al mi\u00e9rcoles 29 de octubre.<br>\u00a0<\/p>\n\n\n\n<figure class=\"wp-block-image size-large\"><img loading=\"lazy\" decoding=\"async\" width=\"576\" height=\"1024\" src=\"https:\/\/corrientesdetarde.com\/wp-content\/uploads\/2025\/10\/image-774-576x1024.png\" alt=\"\" class=\"wp-image-232651\" srcset=\"https:\/\/corrientesdetarde.com\/wp-content\/uploads\/2025\/10\/image-774-576x1024.png 576w, https:\/\/corrientesdetarde.com\/wp-content\/uploads\/2025\/10\/image-774-169x300.png 169w, https:\/\/corrientesdetarde.com\/wp-content\/uploads\/2025\/10\/image-774.png 720w\" sizes=\"auto, (max-width: 576px) 100vw, 576px\" \/><\/figure>\n","protected":false},"excerpt":{"rendered":"<p>El cronograma de este adicional de octubre se extender\u00e1 hasta el mi\u00e9rcoles 29, seg\u00fan anunci\u00f3 el intendente Eduardo Tassano a trav\u00e9s de sus redes.Los trabajadores de planta, contrato y los&hellip; <\/p>\n","protected":false},"author":8,"featured_media":232652,"comment_status":"closed","ping_status":"open","sticky":false,"template":"","format":"standard","meta":{"footnotes":""},"categories":[8],"tags":[],"class_list":["post-232650","post","type-post","status-publish","format-standard","has-post-thumbnail","hentry","category-locales"],"_links":{"self":[{"href":"https:\/\/corrientesdetarde.com\/index.php\/wp-json\/wp\/v2\/posts\/232650","targetHints":{"allow":["GET"]}}],"collection":[{"href":"https:\/\/corrientesdetarde.com\/index.php\/wp-json\/wp\/v2\/posts"}],"about":[{"href":"https:\/\/corrientesdetarde.com\/index.php\/wp-json\/wp\/v2\/types\/post"}],"author":[{"embeddable":true,"href":"https:\/\/corrientesdetarde.com\/index.php\/wp-json\/wp\/v2\/users\/8"}],"replies":[{"embeddable":true,"href":"https:\/\/corrientesdetarde.com\/index.php\/wp-json\/wp\/v2\/comments?post=232650"}],"version-history":[{"count":1,"href":"https:\/\/corrientesdetarde.com\/index.php\/wp-json\/wp\/v2\/posts\/232650\/revisions"}],"predecessor-version":[{"id":232653,"href":"https:\/\/corrientesdetarde.com\/index.php\/wp-json\/wp\/v2\/posts\/232650\/revisions\/232653"}],"wp:featuredmedia":[{"embeddable":true,"href":"https:\/\/corrientesdetarde.com\/index.php\/wp-json\/wp\/v2\/media\/232652"}],"wp:attachment":[{"href":"https:\/\/corrientesdetarde.com\/index.php\/wp-json\/wp\/v2\/media?parent=232650"}],"wp:term":[{"taxonomy":"category","embeddable":true,"href":"https:\/\/corrientesdetarde.com\/index.php\/wp-json\/wp\/v2\/categories?post=232650"},{"taxonomy":"post_tag","embeddable":true,"href":"https:\/\/corrientesdetarde.com\/index.php\/wp-json\/wp\/v2\/tags?post=232650"}],"curies":[{"name":"wp","href":"https:\/\/api.w.org\/{rel}","templated":true}]}}