{"id":232654,"date":"2025-10-23T12:57:49","date_gmt":"2025-10-23T15:57:49","guid":{"rendered":"https:\/\/corrientesdetarde.com\/?p=232654"},"modified":"2025-10-23T12:57:55","modified_gmt":"2025-10-23T15:57:55","slug":"el-vicegobernador-destaco-el-compromiso-de-los-jovenes-en-la-mediacion-escolar","status":"publish","type":"post","link":"https:\/\/corrientesdetarde.com\/index.php\/eventossociedad\/el-vicegobernador-destaco-el-compromiso-de-los-jovenes-en-la-mediacion-escolar\/","title":{"rendered":"El Vicegobernador destac\u00f3 el compromiso de los j\u00f3venes en la mediaci\u00f3n escolar"},"content":{"rendered":"\n<p>X\u00aa Encuentro Provincial de Alumnos Mediadores<\/p>\n\n\n\n<p>Este jueves se realiz\u00f3 el X\u00b0 Encuentro Provincial de Alumnos Mediadores en el sal\u00f3n de Actos de la Escuela Regional. Se trata de un programa para fomentar la cultura de la paz y resoluci\u00f3n de conflictos a trav\u00e9s de la mediaci\u00f3n, promoviendo el trabajo en equipo y el abordaje pac\u00edfico de conflictos interpersonales.<\/p>\n\n\n\n<p>El mismo es llevado adelante por la Direcci\u00f3n de Servicios Educativos de Prevenci\u00f3n y Apoyo (DISEPA) del Ministerio de Educaci\u00f3n de la provincia. El vicegobernador Pedro Braillard Poccard particip\u00f3 de la apertura junto con la Prof. Julia S\u00e1ez, a cargo del DISEPA, y el Rector de la Escuela Regional, Rodolfo Maciel.<\/p>\n\n\n\n<p>Durante la apertura, la Prof. Julia S\u00e1ez destac\u00f3 el trabajo sostenido que vienen realizando las instituciones educativas en el marco del programa de mediaci\u00f3n escolar: \u201cEl objetivo principal de este encuentro es que los alumnos puedan encontrarse, compartir experiencias y reflexionar sobre la tarea que realizan en cada escuela\u201d.<\/p>\n\n\n\n<p>\u201cVenimos trabajando la mediaci\u00f3n de manera constante en los distintos establecimientos, ya hace diez a\u00f1os que formamos y capacitamos a los estudiantes en la resoluci\u00f3n pac\u00edfica de conflictos\u201d se\u00f1al\u00f3 S\u00e1ez.<\/p>\n\n\n\n<p>La docente remarc\u00f3 que las problem\u00e1ticas escolares han cambiado con el paso del tiempo: \u201cHoy enfrentamos conflictos que tambi\u00e9n se trasladan a las redes sociales, y eso nos interpela tanto a los j\u00f3venes como a los adultos. Debemos repensar c\u00f3mo nos comunicamos y qu\u00e9 herramientas utilizamos para ponernos verdaderamente a la par del otro\u201d expres\u00f3.<\/p>\n\n\n\n<p>A su turno, el Vicegobernador Pedro Braillard Poccard, felicit\u00f3 a los estudiantes por su compromiso con la convivencia escolar: \u201cLos felicito por comprometerse, involucrarse, tener solidaridad y expresar amor hacia los compa\u00f1eros\u201d. \u201cCuando uno se dedica a una tarea que tiene que ver con la mejor convivencia, es porque siente un cari\u00f1o especial hacia los dem\u00e1s\u201d, agreg\u00f3.<\/p>\n\n\n\n<p>Braillard Poccard destac\u00f3 adem\u00e1s el valor del v\u00ednculo que se forma en la etapa escolar, se\u00f1alando que \u201cestos compa\u00f1eros y esta escuela van a ser parte de ustedes para toda la vida\u201d y record\u00f3 que \u201cuno siempre guarda los mejores recuerdos del paso por la educaci\u00f3n primaria y secundaria\u201d.<\/p>\n\n\n\n<p>Al referirse a la importancia de la mediaci\u00f3n, el Vicegobernador subray\u00f3 el papel preventivo de esta tarea: \u201cMuchas veces existen situaciones de bullying o de maltrato entre compa\u00f1eros, y con el tiempo llega el arrepentimiento. Con la acci\u00f3n que ustedes llevan adelante est\u00e1n previniendo esas situaciones\u201d.<\/p>\n\n\n\n<p>Asimismo, inst\u00f3 a los alumnos a mantener la confianza y el acompa\u00f1amiento dentro del \u00e1mbito escolar: \u201cConf\u00eden en los profesores y est\u00e9n siempre pendientes de aquel compa\u00f1ero que tiene un problema, que puede dejar los estudios o tomar una decisi\u00f3n dr\u00e1stica. Nadie conoce mejor a los compa\u00f1eros que ustedes mismos, y nadie mejor que los profesores para confiar\u201d.<\/p>\n\n\n\n<p>Finalmente, Braillard Poccard felicit\u00f3 al DISEPA y a todo su equipo \u201cpor el compromiso y la continuidad del programa que ya lleva diez a\u00f1os, es un logro que merece reconocimiento\u201d.<\/p>\n\n\n\n<p>Participaron alumnos del Colegio Iber\u00e1; Colegio Liceo Pedro Ferr\u00e9; Escuela Eloy Ortega; Escuela Pir\u00e1gine Niveiro; Instituto de M\u00fasica \u201cCarmelo de Biassi\u201d; Escuela Santa Catalina; Escuela Arturo Illia; Escuela Manuel Belgrano; Escuela de Comercio; Escuela Olga Cosetini; Escuela UOCRA; e Instituto San Benito. Tambi\u00e9n, Escuela de Paso de la Patria; Escuela Pedro Leconte de Santa Ana; Escuela T\u00e9cnica de Empedrado; Extensi\u00f3n Paraje Cebolla, de Bella Vista; Escuela Normal de Bella Vista; Escuela Secundaria Roque Carranza, y Escuela Juan Bautista Alberdi, de Ituzaing\u00f3.<\/p>\n\n\n\n<figure class=\"wp-block-embed is-type-video is-provider-youtube wp-block-embed-youtube wp-embed-aspect-16-9 wp-has-aspect-ratio\"><div class=\"wp-block-embed__wrapper\">\n<iframe loading=\"lazy\" title=\"10\u00ba Encuentro de Alumnos Mediadores de DISEPA\" width=\"1110\" height=\"624\" src=\"https:\/\/www.youtube.com\/embed\/Fd8OEIZs58s?feature=oembed\" frameborder=\"0\" allow=\"accelerometer; autoplay; clipboard-write; encrypted-media; gyroscope; picture-in-picture; web-share\" referrerpolicy=\"strict-origin-when-cross-origin\" allowfullscreen><\/iframe>\n<\/div><\/figure>\n\n\n\n<figure class=\"wp-block-image size-large\"><img loading=\"lazy\" decoding=\"async\" width=\"1024\" height=\"683\" src=\"https:\/\/corrientesdetarde.com\/wp-content\/uploads\/2025\/10\/WhatsApp-Image-2025-10-23-at-12.49.50-1-1024x683.jpeg\" alt=\"\" class=\"wp-image-232656\" srcset=\"https:\/\/corrientesdetarde.com\/wp-content\/uploads\/2025\/10\/WhatsApp-Image-2025-10-23-at-12.49.50-1-1024x683.jpeg 1024w, https:\/\/corrientesdetarde.com\/wp-content\/uploads\/2025\/10\/WhatsApp-Image-2025-10-23-at-12.49.50-1-300x200.jpeg 300w, https:\/\/corrientesdetarde.com\/wp-content\/uploads\/2025\/10\/WhatsApp-Image-2025-10-23-at-12.49.50-1-768x512.jpeg 768w, https:\/\/corrientesdetarde.com\/wp-content\/uploads\/2025\/10\/WhatsApp-Image-2025-10-23-at-12.49.50-1-1536x1024.jpeg 1536w, https:\/\/corrientesdetarde.com\/wp-content\/uploads\/2025\/10\/WhatsApp-Image-2025-10-23-at-12.49.50-1.jpeg 1599w\" sizes=\"auto, (max-width: 1024px) 100vw, 1024px\" \/><\/figure>\n\n\n\n<figure class=\"wp-block-image size-large\"><img loading=\"lazy\" decoding=\"async\" width=\"1024\" height=\"683\" src=\"https:\/\/corrientesdetarde.com\/wp-content\/uploads\/2025\/10\/WhatsApp-Image-2025-10-23-at-12.49.50-2-1024x683.jpeg\" alt=\"\" class=\"wp-image-232659\" srcset=\"https:\/\/corrientesdetarde.com\/wp-content\/uploads\/2025\/10\/WhatsApp-Image-2025-10-23-at-12.49.50-2-1024x683.jpeg 1024w, https:\/\/corrientesdetarde.com\/wp-content\/uploads\/2025\/10\/WhatsApp-Image-2025-10-23-at-12.49.50-2-300x200.jpeg 300w, https:\/\/corrientesdetarde.com\/wp-content\/uploads\/2025\/10\/WhatsApp-Image-2025-10-23-at-12.49.50-2-768x512.jpeg 768w, https:\/\/corrientesdetarde.com\/wp-content\/uploads\/2025\/10\/WhatsApp-Image-2025-10-23-at-12.49.50-2-1536x1024.jpeg 1536w, https:\/\/corrientesdetarde.com\/wp-content\/uploads\/2025\/10\/WhatsApp-Image-2025-10-23-at-12.49.50-2.jpeg 1599w\" sizes=\"auto, (max-width: 1024px) 100vw, 1024px\" \/><\/figure>\n\n\n\n<figure class=\"wp-block-image size-large\"><img loading=\"lazy\" decoding=\"async\" width=\"1024\" height=\"683\" src=\"https:\/\/corrientesdetarde.com\/wp-content\/uploads\/2025\/10\/WhatsApp-Image-2025-10-23-at-12.49.50-3-1024x683.jpeg\" alt=\"\" class=\"wp-image-232655\" srcset=\"https:\/\/corrientesdetarde.com\/wp-content\/uploads\/2025\/10\/WhatsApp-Image-2025-10-23-at-12.49.50-3-1024x683.jpeg 1024w, https:\/\/corrientesdetarde.com\/wp-content\/uploads\/2025\/10\/WhatsApp-Image-2025-10-23-at-12.49.50-3-300x200.jpeg 300w, https:\/\/corrientesdetarde.com\/wp-content\/uploads\/2025\/10\/WhatsApp-Image-2025-10-23-at-12.49.50-3-768x512.jpeg 768w, https:\/\/corrientesdetarde.com\/wp-content\/uploads\/2025\/10\/WhatsApp-Image-2025-10-23-at-12.49.50-3-1536x1024.jpeg 1536w, https:\/\/corrientesdetarde.com\/wp-content\/uploads\/2025\/10\/WhatsApp-Image-2025-10-23-at-12.49.50-3.jpeg 1599w\" sizes=\"auto, (max-width: 1024px) 100vw, 1024px\" \/><\/figure>\n\n\n\n<figure class=\"wp-block-image size-large\"><img loading=\"lazy\" decoding=\"async\" width=\"1024\" height=\"683\" src=\"https:\/\/corrientesdetarde.com\/wp-content\/uploads\/2025\/10\/WhatsApp-Image-2025-10-23-at-12.49.51-1024x683.jpeg\" alt=\"\" class=\"wp-image-232657\" srcset=\"https:\/\/corrientesdetarde.com\/wp-content\/uploads\/2025\/10\/WhatsApp-Image-2025-10-23-at-12.49.51-1024x683.jpeg 1024w, https:\/\/corrientesdetarde.com\/wp-content\/uploads\/2025\/10\/WhatsApp-Image-2025-10-23-at-12.49.51-300x200.jpeg 300w, https:\/\/corrientesdetarde.com\/wp-content\/uploads\/2025\/10\/WhatsApp-Image-2025-10-23-at-12.49.51-768x512.jpeg 768w, https:\/\/corrientesdetarde.com\/wp-content\/uploads\/2025\/10\/WhatsApp-Image-2025-10-23-at-12.49.51-1536x1024.jpeg 1536w, https:\/\/corrientesdetarde.com\/wp-content\/uploads\/2025\/10\/WhatsApp-Image-2025-10-23-at-12.49.51.jpeg 1599w\" sizes=\"auto, (max-width: 1024px) 100vw, 1024px\" \/><\/figure>\n","protected":false},"excerpt":{"rendered":"<p>X\u00aa Encuentro Provincial de Alumnos Mediadores Este jueves se realiz\u00f3 el X\u00b0 Encuentro Provincial de Alumnos Mediadores en el sal\u00f3n de Actos de la Escuela Regional. Se trata de un&hellip; <\/p>\n","protected":false},"author":8,"featured_media":232658,"comment_status":"closed","ping_status":"open","sticky":false,"template":"","format":"standard","meta":{"footnotes":""},"categories":[1208],"tags":[],"class_list":["post-232654","post","type-post","status-publish","format-standard","has-post-thumbnail","hentry","category-eventossociedad"],"_links":{"self":[{"href":"https:\/\/corrientesdetarde.com\/index.php\/wp-json\/wp\/v2\/posts\/232654","targetHints":{"allow":["GET"]}}],"collection":[{"href":"https:\/\/corrientesdetarde.com\/index.php\/wp-json\/wp\/v2\/posts"}],"about":[{"href":"https:\/\/corrientesdetarde.com\/index.php\/wp-json\/wp\/v2\/types\/post"}],"author":[{"embeddable":true,"href":"https:\/\/corrientesdetarde.com\/index.php\/wp-json\/wp\/v2\/users\/8"}],"replies":[{"embeddable":true,"href":"https:\/\/corrientesdetarde.com\/index.php\/wp-json\/wp\/v2\/comments?post=232654"}],"version-history":[{"count":1,"href":"https:\/\/corrientesdetarde.com\/index.php\/wp-json\/wp\/v2\/posts\/232654\/revisions"}],"predecessor-version":[{"id":232660,"href":"https:\/\/corrientesdetarde.com\/index.php\/wp-json\/wp\/v2\/posts\/232654\/revisions\/232660"}],"wp:featuredmedia":[{"embeddable":true,"href":"https:\/\/corrientesdetarde.com\/index.php\/wp-json\/wp\/v2\/media\/232658"}],"wp:attachment":[{"href":"https:\/\/corrientesdetarde.com\/index.php\/wp-json\/wp\/v2\/media?parent=232654"}],"wp:term":[{"taxonomy":"category","embeddable":true,"href":"https:\/\/corrientesdetarde.com\/index.php\/wp-json\/wp\/v2\/categories?post=232654"},{"taxonomy":"post_tag","embeddable":true,"href":"https:\/\/corrientesdetarde.com\/index.php\/wp-json\/wp\/v2\/tags?post=232654"}],"curies":[{"name":"wp","href":"https:\/\/api.w.org\/{rel}","templated":true}]}}