{"id":232776,"date":"2025-10-24T09:00:15","date_gmt":"2025-10-24T12:00:15","guid":{"rendered":"https:\/\/corrientesdetarde.com\/?p=232776"},"modified":"2025-10-24T09:00:17","modified_gmt":"2025-10-24T12:00:17","slug":"presentaron-moderno-software-que-optimizara-el-servicio-de-justicia","status":"publish","type":"post","link":"https:\/\/corrientesdetarde.com\/index.php\/actualidad\/presentaron-moderno-software-que-optimizara-el-servicio-de-justicia\/","title":{"rendered":"Presentaron moderno software que optimizar\u00e1 el servicio de Justicia"},"content":{"rendered":"\n<p>El fiscal general del Poder Judicial, C\u00e9sar Sotelo, asegur\u00f3 que el objetivo final del trabajo de los tres poderes es el ciudadano com\u00fan. Consider\u00f3 que la presentaci\u00f3n es un motivo de &#8220;orgullo personal&#8221; por la capacidad de la instituci\u00f3n de establecer su propio software.<\/p>\n\n\n\n<p>En un paso trascendental hacia la modernizaci\u00f3n de la Justicia, el fiscal general del Poder Judicial, C\u00e9sar Sotelo, present\u00f3 en el Sal\u00f3n Auditorio el software &#8220;SIGEF Yaguaret\u00e9&#8221;. Esta nueva herramienta digital est\u00e1 destinada a transformar la gesti\u00f3n del fuero penal con un \u00e9nfasis claro y directo en la agilizaci\u00f3n del trabajo del Ministerio P\u00fablico Fiscal y en el fortalecimiento de la respuesta estatal ante la ciudadan\u00eda.<\/p>\n\n\n\n<p>Al comenzar la presentaci\u00f3n, el titular de la Direcci\u00f3n de Inform\u00e1tica del Poder Judicial, Santiago Carniel, explic\u00f3 c\u00f3mo funcionar\u00e1 el sistema y sus beneficios. Luego mostr\u00f3 un video explicativo con el detalle de la nueva herramienta.<\/p>\n\n\n\n<p>En el acto, Sotelo consider\u00f3 que la presentaci\u00f3n de SIGEF Yaguaret\u00e9 es un motivo de &#8220;orgullo personal&#8221; por la capacidad de la instituci\u00f3n. &#8220;El orgullo personal se debe a que la capacidad del Poder Judicial de Corrientes en establecer su propio software es algo in\u00e9dito, es algo que en mi vasta experiencia no he visto nunca que se haya manifestado a trav\u00e9s de los t\u00e9cnicos y funcionarios del Poder Judicial&#8221;, apunt\u00f3.<\/p>\n\n\n\n<p>Sotelo enfatiz\u00f3 la pertenencia y el compromiso compartido del Ministerio P\u00fablico: &#8220;Es muy importante porque la elaboramos nosotros con todos los problemas, las dificultades y tambi\u00e9n los prop\u00f3sitos de soluci\u00f3n que tiene cada uno de nosotros y repito en forma orgullosa de que el Ministerio P\u00fablico de Corrientes pertenece absolutamente al Poder Judicial, que el \u00e9xito o el fracaso de cada una de las propuestas que tengamos es de todos, no es m\u00eda ni del Superior Tribunal, sino del Poder Judicial&#8221;.<\/p>\n\n\n\n<p>El sistema permite que todas las denuncias realizadas en las comisar\u00edas lleguen de forma inmediata y segura al Ministerio P\u00fablico Fiscal. Este avance constituye una mejora estructural que fortalece directamente la eficiencia, la transparencia y la celeridad en la intervenci\u00f3n de la Justicia.<\/p>\n\n\n\n<p>Durante la presentaci\u00f3n, se destac\u00f3 que la implementaci\u00f3n de este software no es solo un cambio tecnol\u00f3gico, sino una estrategia integral para garantizar el acceso efectivo a la justicia y elevar la credibilidad institucional.<\/p>\n\n\n\n<h2 class=\"wp-block-heading\">Beneficios<\/h2>\n\n\n\n<p>El impacto de SIGEF Yaguaret\u00e9 es amplio y se traduce en una significativa aceleraci\u00f3n de los tiempos procesales logrando una justicia m\u00e1s oportuna:<\/p>\n\n\n\n<p>1. Fortalecimiento de la actuaci\u00f3n fiscal temprana<\/p>\n\n\n\n<p>El beneficio m\u00e1s significativo para el Ministerio P\u00fablico Fiscal es el acceso inmediato a la informaci\u00f3n desde el momento mismo de la denuncia. Esto es crucial, ya que permite:<\/p>\n\n\n\n<p>Evaluaci\u00f3n temprana de riesgos: Activar inmediatamente medidas urgentes, como la preservaci\u00f3n de pruebas, medidas cautelares o la protecci\u00f3n de v\u00edctimas.<\/p>\n\n\n\n<p>Asignaci\u00f3n Inteligente de Casos: En el corto plazo, el sistema habilitar\u00e1 mecanismos autom\u00e1ticos e incluso el uso de Inteligencia Artificial para analizar, clasificar y derivar los casos por tipo de delito y gravedad, agilizando significativamente la priorizaci\u00f3n de acciones posteriores.<\/p>\n\n\n\n<p>Descongesti\u00f3n Administrativa: Se elimina la necesidad de recargar o digitalizar manualmente documentos originados en Comisar\u00edas, liberando recursos humanos para tareas sustantivas.<\/p>\n\n\n\n<p>2. Mejora del servicio al ciudadano<\/p>\n\n\n\n<p>Agilidad en el acceso: La denuncia queda registrada inmediatamente, fortaleciendo la confianza p\u00fablica.<\/p>\n\n\n\n<p>Unificaci\u00f3n y Reducci\u00f3n de Tiempos: El ciudadano realiza su exposici\u00f3n una sola vez en la Comisar\u00eda, sin necesidad de duplicar tr\u00e1mites o recontar los hechos en oficinas fiscales.<\/p>\n\n\n\n<p>3. Beneficios operativos para las comisar\u00edas<\/p>\n\n\n\n<p>La digitalizaci\u00f3n en origen contribuye directamente a la rapidez procesal al garantizar la calidad de la informaci\u00f3n:<\/p>\n\n\n\n<p>Estandarizaci\u00f3n del Registro: Se reduce dr\u00e1sticamente el riesgo de errores materiales, omisiones y ambig\u00fcedades gracias a una carga digital guiada y estructurada.<\/p>\n\n\n\n<p>Eliminaci\u00f3n del Papel y Riesgos: Se minimiza la posibilidad de extrav\u00edo o alteraci\u00f3n de documentos, ya que la informaci\u00f3n viaja de forma digital y segura.<\/p>\n\n\n\n<p>4. Impacto estrat\u00e9gico en la pol\u00edtica criminal<\/p>\n\n\n\n<p>La uniformidad de la informaci\u00f3n permitir\u00e1 una gesti\u00f3n m\u00e1s \u00e1gil y sustentada en datos:<\/p>\n\n\n\n<p>An\u00e1lisis en Tiempo Real: El sistema posibilita la creaci\u00f3n de mapas de calor delictivos y la identificaci\u00f3n de patrones, permitiendo una respuesta m\u00e1s r\u00e1pida y focalizada de recursos policiales, fiscales y judiciales.<\/p>\n\n\n\n<h2 class=\"wp-block-heading\">Rey V\u00e1zquez: &#8220;Este es el camino trazado&#8221;<\/h2>\n\n\n\n<figure class=\"wp-block-image\"><img decoding=\"async\" src=\"https:\/\/www.diarioepoca.com\/content\/bucket\/5\/1455685w229h270c.jpg.webp\" alt=\"\"\/><\/figure>\n\n\n\n<p>En el acto, el presidente del Superior Tribunal de Justicia (STJ), Luis Eduardo Rey V\u00e1zquez, consider\u00f3 que la presentaci\u00f3n de SIGEF Yaguaret\u00e9 es un logro institucional significativo. Destac\u00f3 que el sistema es un &#8220;verdadero motivo de orgullo&#8221; al ser un desarrollo propio para la gesti\u00f3n del Ministerio P\u00fablico Fiscal.<\/p>\n\n\n\n<p>El titular del STJ remarc\u00f3 que esta innovaci\u00f3n se inscribe en la estrategia de modernizaci\u00f3n del Poder Judicial: &#8220;Quiero simplemente marcar que este es el camino trazado desde hace algunos a\u00f1os que va en l\u00ednea con la modernizaci\u00f3n, con la innovaci\u00f3n y la b\u00fasqueda permanente de canales que permitan acercar a la ciudadan\u00eda, al Poder Judicial o la justicia a la ciudadan\u00eda, mejorar la calidad de la gesti\u00f3n de los procesos.&#8221;<\/p>\n\n\n\n<p>Adem\u00e1s, puso en valor el rol del Ministerio P\u00fablico Fiscal en el nuevo esquema procesal.<\/p>\n\n\n\n<h2 class=\"wp-block-heading\">Vallejos: &#8220;Poner al ciudadano en primer plano&#8221;<\/h2>\n\n\n\n<figure class=\"wp-block-image\"><img decoding=\"async\" src=\"https:\/\/www.diarioepoca.com\/content\/bucket\/6\/1455686w188h221c.jpg.webp\" alt=\"\"\/><\/figure>\n\n\n\n<p>En el acto, el ministro de Seguridad de la Provincia, Alfredo Vallejos, consider\u00f3 que la presentaci\u00f3n del software es el resultado de un compromiso interinstitucional: &#8220;Creo que siempre lo decimos, somos un gran equipo y que tenemos como misi\u00f3n principal dar respuesta adecuada a la sociedad&#8221;.<\/p>\n\n\n\n<p>Vallejos subray\u00f3 la coordinaci\u00f3n lograda entre las instituciones: &#8220;Qued\u00f3 absolutamente claro todo el trabajo que hay detr\u00e1s de esta herramienta que estamos presentando hoy&#8221;.<\/p>\n\n\n\n<p>Finalmente, el ministro resumi\u00f3 la filosof\u00eda detr\u00e1s de la iniciativa: &#8220;Poner al ciudadano en primer plano. Entender que nosotros, como autoridad pol\u00edtica y a trav\u00e9s de la Polic\u00eda, lo que hacemos en una primera instancia es trabajar fuertemente en la prevenci\u00f3n, pero una vez que los casos se dan y que el ciudadano acude a nosotros a trav\u00e9s de una denuncia, tenemos que dar una respuesta adecuada&#8221;.<\/p>\n","protected":false},"excerpt":{"rendered":"<p>El fiscal general del Poder Judicial, C\u00e9sar Sotelo, asegur\u00f3 que el objetivo final del trabajo de los tres poderes es el ciudadano com\u00fan. Consider\u00f3 que la presentaci\u00f3n es un motivo&hellip; <\/p>\n","protected":false},"author":3,"featured_media":232786,"comment_status":"closed","ping_status":"open","sticky":false,"template":"","format":"standard","meta":{"footnotes":""},"categories":[23],"tags":[],"class_list":["post-232776","post","type-post","status-publish","format-standard","has-post-thumbnail","hentry","category-actualidad"],"_links":{"self":[{"href":"https:\/\/corrientesdetarde.com\/index.php\/wp-json\/wp\/v2\/posts\/232776","targetHints":{"allow":["GET"]}}],"collection":[{"href":"https:\/\/corrientesdetarde.com\/index.php\/wp-json\/wp\/v2\/posts"}],"about":[{"href":"https:\/\/corrientesdetarde.com\/index.php\/wp-json\/wp\/v2\/types\/post"}],"author":[{"embeddable":true,"href":"https:\/\/corrientesdetarde.com\/index.php\/wp-json\/wp\/v2\/users\/3"}],"replies":[{"embeddable":true,"href":"https:\/\/corrientesdetarde.com\/index.php\/wp-json\/wp\/v2\/comments?post=232776"}],"version-history":[{"count":1,"href":"https:\/\/corrientesdetarde.com\/index.php\/wp-json\/wp\/v2\/posts\/232776\/revisions"}],"predecessor-version":[{"id":232812,"href":"https:\/\/corrientesdetarde.com\/index.php\/wp-json\/wp\/v2\/posts\/232776\/revisions\/232812"}],"wp:featuredmedia":[{"embeddable":true,"href":"https:\/\/corrientesdetarde.com\/index.php\/wp-json\/wp\/v2\/media\/232786"}],"wp:attachment":[{"href":"https:\/\/corrientesdetarde.com\/index.php\/wp-json\/wp\/v2\/media?parent=232776"}],"wp:term":[{"taxonomy":"category","embeddable":true,"href":"https:\/\/corrientesdetarde.com\/index.php\/wp-json\/wp\/v2\/categories?post=232776"},{"taxonomy":"post_tag","embeddable":true,"href":"https:\/\/corrientesdetarde.com\/index.php\/wp-json\/wp\/v2\/tags?post=232776"}],"curies":[{"name":"wp","href":"https:\/\/api.w.org\/{rel}","templated":true}]}}