{"id":232856,"date":"2025-10-24T22:17:58","date_gmt":"2025-10-25T01:17:58","guid":{"rendered":"https:\/\/corrientesdetarde.com\/?p=232856"},"modified":"2025-10-24T22:18:10","modified_gmt":"2025-10-25T01:18:10","slug":"siguen-las-declaraciones-en-el-juicio-contra-ex-intendente-y-presidente-del-hcd-de-mercedes","status":"publish","type":"post","link":"https:\/\/corrientesdetarde.com\/index.php\/policiales\/siguen-las-declaraciones-en-el-juicio-contra-ex-intendente-y-presidente-del-hcd-de-mercedes\/","title":{"rendered":"Siguen las declaraciones en el juicio contra ex intendente y presidente del HCD de Mercedes"},"content":{"rendered":"\n<p>Este jueves se realiz\u00f3 la segunda audiencia del juicio contra Diego Mart\u00edn Caram y Roberto Carlos S\u00e1nchez por presunta usurpaci\u00f3n de autoridad y desobediencia a \u00f3rdenes de autoridades.<\/p>\n\n\n\n<p>Contin\u00faa el juicio contra el ex intendente de Mercedes, Diego Mart\u00edn Caram, y el actual presidente del Concejo Deliberante, Roberto Carlos S\u00e1nchez, en el marco de una causa por presunta usurpaci\u00f3n de autoridad, desobediencia a \u00f3rdenes de autoridades y abuso de poder.<\/p>\n\n\n\n<p>Este jueves 24 de octubre se llev\u00f3 a cabo la segunda sesi\u00f3n de la audiencia debate, a cargo del Juez de Juicio Subrogante Mart\u00edn Jos\u00e9 Vega, con la participaci\u00f3n de la Fiscal\u00eda representada por el doctor Adri\u00e1n Aurelio Casarrubia.<\/p>\n\n\n\n<p>Durante la jornada declararon seis testigos, entre ellos dos integrantes de la Guardia Urbana Municipal, quienes habr\u00edan registrado la presencia de Caram en el Palacio Municipal; la Secretaria de Hacienda y Finanzas, Luisa del Carmen Sotelo; el Coordinador de Gabinete y ex presidente del HCD, Nelson Jos\u00e9 Scheffer; y dos periodistas locales, Agust\u00edn \u00c1valos y Julio Alejandro Meda, quienes dieron su versi\u00f3n de los hechos desde la perspectiva p\u00fablica.<\/p>\n\n\n\n<p>Seg\u00fan el Ministerio P\u00fablico Fiscal, Caram y S\u00e1nchez habr\u00edan asumido indebidamente el cargo de Intendente a partir de un acto administrativo emitido por S\u00e1nchez, mientras Caram se encontraba suspendido. Los delitos imputados incluyen usurpaci\u00f3n de autoridad, desobediencia a \u00f3rdenes de autoridades, abuso de autoridad y violaci\u00f3n de los deberes de los funcionarios p\u00fablicos, con Caram como autor material y S\u00e1nchez como part\u00edcipe necesario en algunos hechos.<\/p>\n\n\n\n<p>La audiencia continuar\u00e1 el pr\u00f3ximo jueves 30 de octubre, cuando se seguir\u00e1n escuchando testimonios y pruebas en el juicio que mantiene en vilo a la comunidad de Mercedes.<\/p>\n","protected":false},"excerpt":{"rendered":"<p>Este jueves se realiz\u00f3 la segunda audiencia del juicio contra Diego Mart\u00edn Caram y Roberto Carlos S\u00e1nchez por presunta usurpaci\u00f3n de autoridad y desobediencia a \u00f3rdenes de autoridades. Contin\u00faa el&hellip; <\/p>\n","protected":false},"author":4,"featured_media":232863,"comment_status":"closed","ping_status":"open","sticky":false,"template":"","format":"standard","meta":{"footnotes":""},"categories":[33],"tags":[],"class_list":["post-232856","post","type-post","status-publish","format-standard","has-post-thumbnail","hentry","category-policiales"],"_links":{"self":[{"href":"https:\/\/corrientesdetarde.com\/index.php\/wp-json\/wp\/v2\/posts\/232856","targetHints":{"allow":["GET"]}}],"collection":[{"href":"https:\/\/corrientesdetarde.com\/index.php\/wp-json\/wp\/v2\/posts"}],"about":[{"href":"https:\/\/corrientesdetarde.com\/index.php\/wp-json\/wp\/v2\/types\/post"}],"author":[{"embeddable":true,"href":"https:\/\/corrientesdetarde.com\/index.php\/wp-json\/wp\/v2\/users\/4"}],"replies":[{"embeddable":true,"href":"https:\/\/corrientesdetarde.com\/index.php\/wp-json\/wp\/v2\/comments?post=232856"}],"version-history":[{"count":1,"href":"https:\/\/corrientesdetarde.com\/index.php\/wp-json\/wp\/v2\/posts\/232856\/revisions"}],"predecessor-version":[{"id":232867,"href":"https:\/\/corrientesdetarde.com\/index.php\/wp-json\/wp\/v2\/posts\/232856\/revisions\/232867"}],"wp:featuredmedia":[{"embeddable":true,"href":"https:\/\/corrientesdetarde.com\/index.php\/wp-json\/wp\/v2\/media\/232863"}],"wp:attachment":[{"href":"https:\/\/corrientesdetarde.com\/index.php\/wp-json\/wp\/v2\/media?parent=232856"}],"wp:term":[{"taxonomy":"category","embeddable":true,"href":"https:\/\/corrientesdetarde.com\/index.php\/wp-json\/wp\/v2\/categories?post=232856"},{"taxonomy":"post_tag","embeddable":true,"href":"https:\/\/corrientesdetarde.com\/index.php\/wp-json\/wp\/v2\/tags?post=232856"}],"curies":[{"name":"wp","href":"https:\/\/api.w.org\/{rel}","templated":true}]}}