{"id":232910,"date":"2025-10-25T09:00:00","date_gmt":"2025-10-25T12:00:00","guid":{"rendered":"https:\/\/corrientesdetarde.com\/?p=232910"},"modified":"2025-10-25T08:51:20","modified_gmt":"2025-10-25T11:51:20","slug":"detienen-a-dos-sujetos-y-secuestran-droga-durante-un-allanamiento","status":"publish","type":"post","link":"https:\/\/corrientesdetarde.com\/index.php\/policiales\/detienen-a-dos-sujetos-y-secuestran-droga-durante-un-allanamiento\/","title":{"rendered":"Detienen a dos sujetos y secuestran droga durante un allanamiento."},"content":{"rendered":"\n<h2 class=\"wp-block-heading\">En cumplimiento de los lineamientos establecidos por el Ministerio de Seguridad Nacional, la DIVISI\u00d3N UNIDAD OPERATIVA FEDERAL CORRIENTES, de la Superintendencia de AGENCIAS FEDERALES DE INVESTIGACI\u00d3N, llev\u00f3 a cabo un procedimiento que culmin\u00f3 con la detenci\u00f3n de dos masculinos en el barrio Lomas del Mirador de Corrientes, en posesi\u00f3n de sustancias estupefacientes.<\/h2>\n\n\n\n<p>El operativo se desarroll\u00f3 este jueves 23 de Octubre, en horas de la tarde, luego de varios meses de investigaci\u00f3n desarrollada por iniciativa propia, con intervenci\u00f3n de la Fiscal\u00eda Federal de Corrientes del Dr. Flavio FERRINI, en primer medida, para luego intervenir el Juzgado Federal N\u00b0 1 del Dr. Gustavo del Corazon de Jesus FRESNEDA, la cual culmin\u00f3 con la detenci\u00f3n de dos masculinos identificados como J.L.A. y E.R.A de 41 y 44 a\u00f1os respectivamente.<\/p>\n\n\n\n<p>&nbsp;Durante el registro del inmueble, se hall\u00f3 m\u00e1s de diez envoltorios de coca\u00edna listos para su venta, como as\u00ed tambi\u00e9n m\u00e1s de 200 gramos de marihuana, un celular, y elementos de inter\u00e9s para la causa, lo que motivo la inmediata detenci\u00f3n de los moradores.<\/p>\n\n\n\n<p>Los masculinos, fueron alojados en la sede de la UNIDAD OPERATIVA, quedando a disposici\u00f3n de la justicia federal. Las autoridades judiciales competentes fueron notificadas de manera inmediata, y el caso contin\u00faa en proceso de investigaci\u00f3n.<\/p>\n\n\n\n<p>El Ministerio de Seguridad Nacional, a trav\u00e9s de la POLIC\u00cdA FEDERAL ARGENTINA, reafirma su compromiso en la lucha contra el narcotr\u00e1fico en la provincia de Corrientes, intensificando los controles e investigaciones destinados a la prevenci\u00f3n y erradicaci\u00f3n de este delito.<\/p>\n","protected":false},"excerpt":{"rendered":"<p>En cumplimiento de los lineamientos establecidos por el Ministerio de Seguridad Nacional, la DIVISI\u00d3N UNIDAD OPERATIVA FEDERAL CORRIENTES, de la Superintendencia de AGENCIAS FEDERALES DE INVESTIGACI\u00d3N, llev\u00f3 a cabo un&hellip; <\/p>\n","protected":false},"author":6,"featured_media":232913,"comment_status":"closed","ping_status":"open","sticky":false,"template":"","format":"standard","meta":{"footnotes":""},"categories":[33],"tags":[],"class_list":["post-232910","post","type-post","status-publish","format-standard","has-post-thumbnail","hentry","category-policiales"],"_links":{"self":[{"href":"https:\/\/corrientesdetarde.com\/index.php\/wp-json\/wp\/v2\/posts\/232910","targetHints":{"allow":["GET"]}}],"collection":[{"href":"https:\/\/corrientesdetarde.com\/index.php\/wp-json\/wp\/v2\/posts"}],"about":[{"href":"https:\/\/corrientesdetarde.com\/index.php\/wp-json\/wp\/v2\/types\/post"}],"author":[{"embeddable":true,"href":"https:\/\/corrientesdetarde.com\/index.php\/wp-json\/wp\/v2\/users\/6"}],"replies":[{"embeddable":true,"href":"https:\/\/corrientesdetarde.com\/index.php\/wp-json\/wp\/v2\/comments?post=232910"}],"version-history":[{"count":1,"href":"https:\/\/corrientesdetarde.com\/index.php\/wp-json\/wp\/v2\/posts\/232910\/revisions"}],"predecessor-version":[{"id":232914,"href":"https:\/\/corrientesdetarde.com\/index.php\/wp-json\/wp\/v2\/posts\/232910\/revisions\/232914"}],"wp:featuredmedia":[{"embeddable":true,"href":"https:\/\/corrientesdetarde.com\/index.php\/wp-json\/wp\/v2\/media\/232913"}],"wp:attachment":[{"href":"https:\/\/corrientesdetarde.com\/index.php\/wp-json\/wp\/v2\/media?parent=232910"}],"wp:term":[{"taxonomy":"category","embeddable":true,"href":"https:\/\/corrientesdetarde.com\/index.php\/wp-json\/wp\/v2\/categories?post=232910"},{"taxonomy":"post_tag","embeddable":true,"href":"https:\/\/corrientesdetarde.com\/index.php\/wp-json\/wp\/v2\/tags?post=232910"}],"curies":[{"name":"wp","href":"https:\/\/api.w.org\/{rel}","templated":true}]}}