{"id":233125,"date":"2025-10-27T10:09:13","date_gmt":"2025-10-27T13:09:13","guid":{"rendered":"https:\/\/corrientesdetarde.com\/?p=233125"},"modified":"2025-10-27T10:12:27","modified_gmt":"2025-10-27T13:12:27","slug":"se-desarrollo-la-obra-hasta-que-me-llames-en-casa-martinez","status":"publish","type":"post","link":"https:\/\/corrientesdetarde.com\/index.php\/cultura\/se-desarrollo-la-obra-hasta-que-me-llames-en-casa-martinez\/","title":{"rendered":"Se desarroll\u00f3 la obra \u201cHasta que me llames\u201d, en Casa Mart\u00ednez"},"content":{"rendered":"\n<p>El pasado s\u00e1bado 25 de octubre nuevamente el Museo Arqueol\u00f3gico de la Provincia de Corrientes \u2013 Casa Mart\u00ednez abri\u00f3 sus puertas al teatro, al arte esc\u00e9nico de la mano de la obra \u201cHasta que me llames\u201d , mon\u00f3logo protagonizado por Silvia Pozo, escrita y con asistencia t\u00e9cnica de&nbsp; Ana Mar\u00eda Bovo .<\/p>\n\n\n\n<p>Celebrando los 6 a\u00f1os de su estreno el personal del museo con la direcci\u00f3n de Marisol Maciel brind\u00f3 todo lo necesario para una noche de arte y festejo, finalizada la funci\u00f3n brindaron y hasta hubo torta con una vela con el n\u00famero 6, el p\u00fablico acompa\u00f1\u00f3 con empat\u00eda y expectaci\u00f3n. Algunas personas vieron hasta 3 veces esta obra, que gira alrededor de la espera la de Ulises y Pen\u00e9lope y la de Leocadia, la protagonista de la pel\u00edcula de Almod\u00f3var,\u00a0 La Flor de mi Secreto, con texto exquisito y po\u00e9tico , los 45 minutos de dramatizaci\u00f3n se pasan \u201cvolando\u201d, nos dice la directora del museo, la Arquitecta Maciel que tambi\u00e9n nos comparte \u201cHermosa la obra, gran actuaci\u00f3n\/interpretaci\u00f3n de Mar\u00eda Silvia Pozo. Manejo de voces, canto, histrionismo maduro. <em>Y al finalizar se inform\u00f3 que el Instituto de Cultura con la presidencia de la Sra. Beatriz Kuning declar\u00f3 de Inter\u00e9s la obra &#8220;Hasta que me llames&#8221;.<\/em>\u00a0 Participamos de un brindis amistoso, distendido y celebrando la cultura como puente entre las almas, entre el pasado y el presente\u201d.<\/p>\n\n\n\n<p>La actriz , Silvia Pozo, nos comenta que \u201cfue una noche de fiesta en todo sentido, por los a\u00f1os de funci\u00f3n y casi 50 puesta en escena recorriendo el interior de la provincia y de otras, adem\u00e1s en diferentes espacios , como este que es un museo, en bibliotecas, plazas y escuelas\u201d. Tambi\u00e9n se encuentra muy agradecida a la comunidad de Corrientes por acompa\u00f1arla a desplegar su arte, el teatro en \u201cconvivio\u201d, si no hay p\u00fablico no se produce la magia del teatro.<\/p>\n\n\n<div class=\"wp-block-image\">\n<figure class=\"aligncenter size-full\"><img loading=\"lazy\" decoding=\"async\" width=\"502\" height=\"780\" src=\"https:\/\/corrientesdetarde.com\/wp-content\/uploads\/2025\/10\/image-863.png\" alt=\"\" class=\"wp-image-233139\" srcset=\"https:\/\/corrientesdetarde.com\/wp-content\/uploads\/2025\/10\/image-863.png 502w, https:\/\/corrientesdetarde.com\/wp-content\/uploads\/2025\/10\/image-863-193x300.png 193w\" sizes=\"auto, (max-width: 502px) 100vw, 502px\" \/><\/figure>\n<\/div>\n\n<div class=\"wp-block-image\">\n<figure class=\"aligncenter size-full\"><img loading=\"lazy\" decoding=\"async\" width=\"515\" height=\"786\" src=\"https:\/\/corrientesdetarde.com\/wp-content\/uploads\/2025\/10\/image-860.png\" alt=\"\" class=\"wp-image-233134\" srcset=\"https:\/\/corrientesdetarde.com\/wp-content\/uploads\/2025\/10\/image-860.png 515w, https:\/\/corrientesdetarde.com\/wp-content\/uploads\/2025\/10\/image-860-197x300.png 197w\" sizes=\"auto, (max-width: 515px) 100vw, 515px\" \/><\/figure>\n<\/div>\n\n<div class=\"wp-block-image\">\n<figure class=\"aligncenter size-full\"><img loading=\"lazy\" decoding=\"async\" width=\"556\" height=\"405\" src=\"https:\/\/corrientesdetarde.com\/wp-content\/uploads\/2025\/10\/image-861.png\" alt=\"\" class=\"wp-image-233135\" srcset=\"https:\/\/corrientesdetarde.com\/wp-content\/uploads\/2025\/10\/image-861.png 556w, https:\/\/corrientesdetarde.com\/wp-content\/uploads\/2025\/10\/image-861-300x219.png 300w\" sizes=\"auto, (max-width: 556px) 100vw, 556px\" \/><\/figure>\n<\/div>","protected":false},"excerpt":{"rendered":"<p>El pasado s\u00e1bado 25 de octubre nuevamente el Museo Arqueol\u00f3gico de la Provincia de Corrientes \u2013 Casa Mart\u00ednez abri\u00f3 sus puertas al teatro, al arte esc\u00e9nico de la mano de&hellip; <\/p>\n","protected":false},"author":1,"featured_media":233135,"comment_status":"closed","ping_status":"open","sticky":false,"template":"","format":"standard","meta":{"footnotes":""},"categories":[15],"tags":[],"class_list":["post-233125","post","type-post","status-publish","format-standard","has-post-thumbnail","hentry","category-cultura"],"_links":{"self":[{"href":"https:\/\/corrientesdetarde.com\/index.php\/wp-json\/wp\/v2\/posts\/233125","targetHints":{"allow":["GET"]}}],"collection":[{"href":"https:\/\/corrientesdetarde.com\/index.php\/wp-json\/wp\/v2\/posts"}],"about":[{"href":"https:\/\/corrientesdetarde.com\/index.php\/wp-json\/wp\/v2\/types\/post"}],"author":[{"embeddable":true,"href":"https:\/\/corrientesdetarde.com\/index.php\/wp-json\/wp\/v2\/users\/1"}],"replies":[{"embeddable":true,"href":"https:\/\/corrientesdetarde.com\/index.php\/wp-json\/wp\/v2\/comments?post=233125"}],"version-history":[{"count":3,"href":"https:\/\/corrientesdetarde.com\/index.php\/wp-json\/wp\/v2\/posts\/233125\/revisions"}],"predecessor-version":[{"id":233140,"href":"https:\/\/corrientesdetarde.com\/index.php\/wp-json\/wp\/v2\/posts\/233125\/revisions\/233140"}],"wp:featuredmedia":[{"embeddable":true,"href":"https:\/\/corrientesdetarde.com\/index.php\/wp-json\/wp\/v2\/media\/233135"}],"wp:attachment":[{"href":"https:\/\/corrientesdetarde.com\/index.php\/wp-json\/wp\/v2\/media?parent=233125"}],"wp:term":[{"taxonomy":"category","embeddable":true,"href":"https:\/\/corrientesdetarde.com\/index.php\/wp-json\/wp\/v2\/categories?post=233125"},{"taxonomy":"post_tag","embeddable":true,"href":"https:\/\/corrientesdetarde.com\/index.php\/wp-json\/wp\/v2\/tags?post=233125"}],"curies":[{"name":"wp","href":"https:\/\/api.w.org\/{rel}","templated":true}]}}