{"id":233221,"date":"2025-10-27T15:28:59","date_gmt":"2025-10-27T18:28:59","guid":{"rendered":"https:\/\/corrientesdetarde.com\/?p=233221"},"modified":"2025-10-27T15:29:07","modified_gmt":"2025-10-27T18:29:07","slug":"despues-de-pasar-491-dias-en-cautiverio-un-ex-rehen-israeli-desfilo-en-la-semana-de-la-moda-de-tel-aviv","status":"publish","type":"post","link":"https:\/\/corrientesdetarde.com\/index.php\/tendencias\/despues-de-pasar-491-dias-en-cautiverio-un-ex-rehen-israeli-desfilo-en-la-semana-de-la-moda-de-tel-aviv\/","title":{"rendered":"Despu\u00e9s de pasar 491 d\u00edas en cautiverio, un ex reh\u00e9n israel\u00ed desfil\u00f3 en la Semana de la Moda de Tel Aviv"},"content":{"rendered":"\n<p>Eli Sharabi fue secuestrado durante la masacre de Be\u2019eri en 2023 y ahora se uni\u00f3 a otros repatriados en un desfile para pedir por el cese de los ataques de Ham\u00e1s.<\/p>\n\n\n\n<p>Aun en los tiempos m\u00e1s dif\u00edciles, industrias como la\u00a0<strong>moda<\/strong>\u00a0buscan contribuir desde su lugar para hacer una diferencia en el mundo. Un claro ejemplo es la reciente celebraci\u00f3n de la\u00a0<strong>Semana de la Moda Tel Aviv 2025<\/strong>, en la que desfilaron\u00a0<strong>repatriados israel\u00edes<\/strong>\u00a0como s\u00edmbolo de la<strong>\u00a0lucha contra los ataques de\u00a0Ham\u00e1s.<\/strong><\/p>\n\n\n\n<p>Entre ellos particip\u00f3&nbsp;<strong>Eli Sharabi,<\/strong>&nbsp;un israel\u00ed de 52 a\u00f1os que fue secuestrado durante la<strong>&nbsp;masacre de Be\u2019eri<\/strong>, como parte del ataque sorpresa del&nbsp;<strong>7 de octubre de 2023<\/strong>&nbsp;contra Israel por parte de militantes de Ham\u00e1s.<\/p>\n\n\n\n<figure class=\"wp-block-image\"><img decoding=\"async\" src=\"https:\/\/tn.com.ar\/resizer\/v2\/eli-sharabi-desfilo-junto-con-otro-repatriados-foto-instagramisraelcanadafashionweektelaviv-G62WOQPEVBGO3PKVQCEHGBM2KM.png?auth=3e4f41bbd0b14296f6aa6fa7ef3b9598740e449f06839ee093048a53cc41f58d&amp;width=767\" alt=\"Eli Sharabi desfil\u00f3 junto con otro repatriados. (Foto: Instagram\/@israelcanadafashionweektelaviv)\"\/><\/figure>\n\n\n\n<p>Sharabi fue<strong>&nbsp;liberado el 8 de febrero de este a\u00f1o&nbsp;<\/strong>como parte del acuerdo de cese al fuego entre Ham\u00e1s e Israel, luego de&nbsp;<strong>491 d\u00edas en cautiverio.<\/strong>&nbsp;Ahora, convertido en \u00edcono de esperanza y resiliencia, desfil\u00f3&nbsp;<strong>vestido de blanco<\/strong>&nbsp;en el marco de la exhibici\u00f3n de&nbsp;<strong>apertura del evento.<\/strong><\/p>\n\n\n\n<figure class=\"wp-block-image\"><img decoding=\"async\" src=\"https:\/\/tn.com.ar\/resizer\/v2\/eli-sharabi-el-ex-rehen-israeli-que-desfilo-despues-de-pasar-491-dias-en-cautiverio-foto-instagramisraelcanadafashionweektelaviv-M3XGP2TUXBH2DOXN3ECURLHNNY.jpg?auth=a6776735813878932006e3e33fd361bcbe60861e12bf636f454571efdd6cad3d&amp;width=767\" alt=\"Eli Sharabi, el ex reh\u00e9n israel\u00ed que desfil\u00f3 despu\u00e9s de pasar 491 d\u00edas en cautiverio. (Foto: Instagram\/@israelcanadafashionweektelaviv)\"\/><\/figure>\n\n\n\n<p>Desde el Instagram oficial de la Semana de la Moda escribieron: \u201cEn un momento emocionante y poderoso,&nbsp;<strong>los repatriados marcharon vestidos de blanco<\/strong>, cuando las canciones de Maimon y el Coro de la \u00d3pera Israel\u00ed interpretaban la canci\u00f3n<em>&nbsp;l\u2019ll still have<\/em>, mientras en el fondo se proyectaba el grito:<strong>&nbsp;\u2018Hasta el \u00faltimo secuestro\u2019<\/strong>\u201d.<\/p>\n\n\n\n<h2 class=\"wp-block-heading\">El secuestro de Eli Sharabi y el asesinato de su familia<\/h2>\n\n\n\n<p>En una entrevista que brind\u00f3 a&nbsp;<em>Sky News<\/em>&nbsp;<strong>Sharon Sharabi<\/strong>&nbsp;(uno de los hermanos de Eli), asegur\u00f3 que su hermano&nbsp;<strong>\u201csufri\u00f3 hambre extrema, fue humillado y golpeado.<\/strong>&nbsp;Las cosas m\u00e1s b\u00e1sicas que una persona necesita para su salud, como respirar aire limpio y beber agua limpia no las recibi\u00f3\u201d.<\/p>\n\n\n\n<p>La<strong>&nbsp;esposa brit\u00e1nica de Eli, Lian, y sus hijas Noya y Yahel<\/strong>, fueron&nbsp;<strong>asesinadas<\/strong>&nbsp;el 7 de octubre. Mientras era liberado, Eli dijo que esperaba con ansias reunirse con ellas. Cuando lleg\u00f3 a Israel y recibi\u00f3 la noticia,<strong>&nbsp;\u201cse derrumb\u00f3, su coraz\u00f3n se rompi\u00f3 de tristeza\u201d.<\/strong><\/p>\n\n\n\n<figure class=\"wp-block-image\"><img decoding=\"async\" src=\"https:\/\/tn.com.ar\/resizer\/v2\/la-liberacion-de-eli-sharabi-en-febrero-de-2025-foto-reutershatem-khaled-XYZM2N3CAIMHMOH46DVMGRTLBQ.jpg?auth=20db67d30924b4687ccf154e0ab6868269f052c91c307a014bad38275109de90&amp;width=767\" alt=\"La liberacion de Eli Sharabi en febrero de 2025. (Foto: REUTERS\/Hatem Khaled)\"\/><\/figure>\n\n\n\n<p>El otro hermano de Eli,&nbsp;<strong>Yossi<\/strong>, tambi\u00e9n fue&nbsp;<strong>secuestrado el 7 de octubre&nbsp;<\/strong>y se cree que fue&nbsp;<strong>asesinado<\/strong>&nbsp;en un ataque a\u00e9reo.<strong>&nbsp;Su cuerpo a\u00fan est\u00e1 en Gaza.<\/strong><\/p>\n\n\n\n<p><strong>\u201cCreo que lo m\u00ednimo que todos merecen es que su gente sea tra\u00edda de vuelta para un descanso adecuado.&nbsp;<\/strong>En caso de que no est\u00e9n en pie todav\u00eda, por lo menos deber\u00edan devolverlos con la dignidad que corresponde. Mi compromiso es luchar por todos, al igual que lo hice por Eli.&nbsp;<strong>Lo har\u00e9 por Yossi y por todos los que faltan\u201d<\/strong>, asegur\u00f3 Sharon.<\/p>\n","protected":false},"excerpt":{"rendered":"<p>Eli Sharabi fue secuestrado durante la masacre de Be\u2019eri en 2023 y ahora se uni\u00f3 a otros repatriados en un desfile para pedir por el cese de los ataques de&hellip; <\/p>\n","protected":false},"author":8,"featured_media":233222,"comment_status":"closed","ping_status":"open","sticky":false,"template":"","format":"standard","meta":{"footnotes":""},"categories":[28],"tags":[],"class_list":["post-233221","post","type-post","status-publish","format-standard","has-post-thumbnail","hentry","category-tendencias"],"_links":{"self":[{"href":"https:\/\/corrientesdetarde.com\/index.php\/wp-json\/wp\/v2\/posts\/233221","targetHints":{"allow":["GET"]}}],"collection":[{"href":"https:\/\/corrientesdetarde.com\/index.php\/wp-json\/wp\/v2\/posts"}],"about":[{"href":"https:\/\/corrientesdetarde.com\/index.php\/wp-json\/wp\/v2\/types\/post"}],"author":[{"embeddable":true,"href":"https:\/\/corrientesdetarde.com\/index.php\/wp-json\/wp\/v2\/users\/8"}],"replies":[{"embeddable":true,"href":"https:\/\/corrientesdetarde.com\/index.php\/wp-json\/wp\/v2\/comments?post=233221"}],"version-history":[{"count":1,"href":"https:\/\/corrientesdetarde.com\/index.php\/wp-json\/wp\/v2\/posts\/233221\/revisions"}],"predecessor-version":[{"id":233223,"href":"https:\/\/corrientesdetarde.com\/index.php\/wp-json\/wp\/v2\/posts\/233221\/revisions\/233223"}],"wp:featuredmedia":[{"embeddable":true,"href":"https:\/\/corrientesdetarde.com\/index.php\/wp-json\/wp\/v2\/media\/233222"}],"wp:attachment":[{"href":"https:\/\/corrientesdetarde.com\/index.php\/wp-json\/wp\/v2\/media?parent=233221"}],"wp:term":[{"taxonomy":"category","embeddable":true,"href":"https:\/\/corrientesdetarde.com\/index.php\/wp-json\/wp\/v2\/categories?post=233221"},{"taxonomy":"post_tag","embeddable":true,"href":"https:\/\/corrientesdetarde.com\/index.php\/wp-json\/wp\/v2\/tags?post=233221"}],"curies":[{"name":"wp","href":"https:\/\/api.w.org\/{rel}","templated":true}]}}