{"id":233224,"date":"2025-10-27T15:33:30","date_gmt":"2025-10-27T18:33:30","guid":{"rendered":"https:\/\/corrientesdetarde.com\/?p=233224"},"modified":"2025-10-27T15:33:42","modified_gmt":"2025-10-27T18:33:42","slug":"valentino-lopez-debuto-como-modelo-y-la-mujer-de-maxi-lopez-fue-la-primera-en-dejar-su-comentario","status":"publish","type":"post","link":"https:\/\/corrientesdetarde.com\/index.php\/espectaculos\/valentino-lopez-debuto-como-modelo-y-la-mujer-de-maxi-lopez-fue-la-primera-en-dejar-su-comentario\/","title":{"rendered":"Valentino L\u00f3pez debut\u00f3 como modelo y la mujer de Maxi L\u00f3pez fue la primera en dejar su comentario"},"content":{"rendered":"\n<p>El hijo de Wanda Nara pos\u00f3 junto a su novia Carola S\u00e1nchez para una marca de jeans.<\/p>\n\n\n\n<p><strong>Valentino L\u00f3pez<\/strong>, el hijo mayor de\u00a0<strong>Wanda Nara<\/strong>\u00a0y\u00a0<strong>Maxi L\u00f3pez<\/strong>, debut\u00f3 como modelo y protagoniza la campa\u00f1a de una marca de jeans junto a su novia Carola S\u00e1nchez. La pareja pos\u00f3 para\u00a0<em>Vancouver\u00a0<\/em>y las fotos se volvieron virales en minutos.<\/p>\n\n\n\n<p>En una de las tomas, Valentino aparece con una&nbsp;<strong>remera<\/strong><em><strong>&nbsp;oversized<\/strong><\/em><strong>&nbsp;blanca de mangas cortas&nbsp;<\/strong>con el logo en el frente, y detalle de<strong>&nbsp;l\u00edneas negras<\/strong>&nbsp;en los hombros y las mangas.<\/p>\n\n\n\n<figure class=\"wp-block-image\"><img decoding=\"async\" src=\"https:\/\/tn.com.ar\/resizer\/v2\/valentino-lopez-con-look-deportivo-foto-instagramofficialvalentinolopez-EBVUCTWA4BEATFKLEPICSBGSS4.jpg?auth=25a09c4549d7fb175dfe6902fc965d7a294985bf7ba3935dd8e960518898562c&amp;width=767\" alt=\"Valentino L\u00f3pez con look deportivo. (Foto: Instagram\/@officialvalentino.lopez).\"\/><\/figure>\n\n\n\n<p>Sum\u00f3 una pelota de f\u00fatbol con el mismo logo, un gui\u00f1o a su pasi\u00f3n deportiva.<\/p>\n\n\n\n<p>En otra de las im\u00e1genes, se luci\u00f3 con una bermuda de jean y una musculosa blanca con detalles de<strong>&nbsp;l\u00edneas negras<\/strong>.<\/p>\n\n\n\n<figure class=\"wp-block-image is-resized\"><img decoding=\"async\" src=\"https:\/\/tn.com.ar\/resizer\/v2\/valentino-lopez-debuto-como-modelo-foto-instagramofficialvalentinolopez-DYAAWKBHERBVRCHYJZML3VJK6I.jpg?auth=56bcedb931ad291e6fb4ccad64569fb76c43fd6beae7733e8bd2e12b7ee93dfd&amp;width=767\" alt=\"Valentino L\u00f3pez debut\u00f3 como modelo. (Foto: Instagram\/@officialvalentino.lopez).\" style=\"width:767px;height:auto\"\/><\/figure>\n\n\n\n<p>Valentino pos\u00f3 tambi\u00e9n junto a su novia con un conjunto negro de&nbsp;<strong>campera&nbsp;<\/strong>y&nbsp;<strong>pantal\u00f3n cargo<\/strong>. Complet\u00f3 con un par de&nbsp;<strong>zapatillas urbanas&nbsp;<\/strong>en negro, haciendo juego y remera blanca.<\/p>\n\n\n\n<p>Carola S\u00e1nchez llev\u00f3 un&nbsp;<strong>conjunto total denim celeste<\/strong>:&nbsp;<em><strong>crop top<\/strong><\/em>,<strong>&nbsp;camisa&nbsp;<\/strong><em><strong>cropped<\/strong><\/em>con bolsillos frontales y&nbsp;<strong>pantal\u00f3n ancho<\/strong>&nbsp;con&nbsp;<strong>detalles desflecados<\/strong>&nbsp;a los costados.<\/p>\n\n\n\n<figure class=\"wp-block-image\"><img decoding=\"async\" src=\"https:\/\/tn.com.ar\/resizer\/v2\/valentino-lopez-junto-a-su-novia-foto-instagramofficialvalentinolopez-SW44AU3VPBHFXGXFIN6HILEOUQ.jpg?auth=7e0f361cacaa90bad50c5b847f34fe462e1b045dfbf16778845004360d8a7751&amp;width=767\" alt=\"Valentino L\u00f3pez junto a su novia. (Foto: Instagram\/@officialvalentino.lopez).\"\/><\/figure>\n\n\n\n<p>El&nbsp;<em>make up<\/em>&nbsp;sigue una l\u00ednea minimalista: base ligera, delineado negro fino y&nbsp;<strong>labios en color&nbsp;<\/strong><em><strong>nude<\/strong><\/em>. Llev\u00f3 el&nbsp;<strong>pelo suelto y con raya al medio<\/strong>. Entre los accesorios, se distinguen anillos plateados y aros peque\u00f1os.<\/p>\n\n\n\n<figure class=\"wp-block-image\"><img decoding=\"async\" src=\"https:\/\/tn.com.ar\/resizer\/v2\/valentino-lopez-y-su-novia-modelos-foto-instagramofficialvalentinolopez-UERTHHXD35G7XLU6VX65QPEZN4.jpg?auth=8bbf4a0823d88a5fa1f920020649e55f0f8891444645d88eacc892eebd360b36&amp;width=767\" alt=\"Valentino L\u00f3pez y su novia, modelos. (Foto: Instagram\/@officialvalentino.lopez).\"\/><\/figure>\n\n\n\n<figure class=\"wp-block-image\"><img decoding=\"async\" src=\"https:\/\/tn.com.ar\/resizer\/v2\/valentino-lopez-con-look-urbano-en-total-black-foto-instagramofficialvalentinolopez-LKVZ4VV4I5H7NDK62E5GXXUVR4.jpg?auth=758c40bdf62128d0379871ca2db1596cf23f60ee95d4a6325fdff810d390b3ff&amp;width=767\" alt=\"Valentino L\u00f3pez con look urbano en total black. (Foto: Instagram\/@officialvalentino.lopez).\"\/><\/figure>\n\n\n\n<p>En otra de las fotos, la pareja se mostr\u00f3 muy sonriente para la c\u00e1mara con el mismo look y marcaron tendencia.<\/p>\n\n\n\n<figure class=\"wp-block-image\"><img decoding=\"async\" src=\"https:\/\/tn.com.ar\/resizer\/v2\/valentino-lopez-junto-a-su-novia-foto-instagramofficialvalentinolopez-66UD5GCL2RBINP6XW56N2P2YDY.jpg?auth=acd54273c029d57417856a5666bc63dc0eb4bf4b00d5197b3568ae9a5ea3d72f&amp;width=767\" alt=\"Valentino L\u00f3pez junto a su novia. (Foto: Instagram\/@officialvalentino.lopez).\"\/><\/figure>\n\n\n\n<p>Finalmente, el joven enfrent\u00f3 los&nbsp;<em>flashes&nbsp;<\/em>con una&nbsp;<strong>camiseta polo azul con ribertes&nbsp;<\/strong>rojo y blanco en cuello y mangas.<\/p>\n\n\n\n<figure class=\"wp-block-image\"><img decoding=\"async\" src=\"https:\/\/tn.com.ar\/resizer\/v2\/valentino-lopez-modelo-foto-instagramofficialvalentinolopez-TZ7YUFYSHZEP5BUZBGGADUKMU4.jpg?auth=e92e014fe8ba836eb6a287bc840a5fc89e9ad4987550fab8093a80229a834fd9&amp;width=767\" alt=\"Valentino L\u00f3pez modelo. (Foto: Instagram\/@officialvalentino.lopez).\"\/><\/figure>\n\n\n\n<p>Complet\u00f3 el estilismo con&nbsp;<strong>bermudas grises de jean<\/strong>, que refuerzan el aire relajado de la sesi\u00f3n.<\/p>\n\n\n\n<figure class=\"wp-block-image\"><img decoding=\"async\" src=\"https:\/\/tn.com.ar\/resizer\/v2\/valentino-lopez-arraso-con-su-look-foto-instagramofficialvalentinolopez-XBEBISCPIVB6XFBCUSAZHF362Y.jpg?auth=fa208770412d4f27f55e7c736b0eec132c393b7e854611b5d94d3bb9b035e6e2&amp;width=767\" alt=\"Valentino L\u00f3pez arras\u00f3 con su look. (Foto: Instagram\/@officialvalentino.lopez).\"\/><\/figure>\n\n\n\n<p>El posteo se llen\u00f3 de \u201cMe gusta\u201d y recibi\u00f3 comentarios de parte de su familia. Su pap\u00e1 le dedic\u00f3 un\u00a0<strong>emoji de rayo<\/strong>.\u00a0<strong>Daniela Christiansson<\/strong>, mujer de Maxi L\u00f3pez le escribi\u00f3: \u201c<strong>Qu\u00e9 lindos<\/strong>\u201d y sum\u00f3 un emoji de caritas enamoradas.<\/p>\n\n\n\n<figure class=\"wp-block-image\"><img decoding=\"async\" src=\"https:\/\/tn.com.ar\/resizer\/v2\/valentino-lopez-con-look-urbano-foto-instagramofficialvalentinolopez-ZTBETK7DY5D5PBKH6A7UP2CDCE.jpg?auth=7184a139fc1f7204e294fa99b65b8ec46e73a25fdebf5df8118060b07c38e4ae&amp;width=767\" alt=\"Valentino L\u00f3pez con look urbano. (Foto: Instagram\/@officialvalentino.lopez).\"\/><\/figure>\n","protected":false},"excerpt":{"rendered":"<p>El hijo de Wanda Nara pos\u00f3 junto a su novia Carola S\u00e1nchez para una marca de jeans. Valentino L\u00f3pez, el hijo mayor de\u00a0Wanda Nara\u00a0y\u00a0Maxi L\u00f3pez, debut\u00f3 como modelo y protagoniza&hellip; <\/p>\n","protected":false},"author":8,"featured_media":233225,"comment_status":"closed","ping_status":"open","sticky":false,"template":"","format":"standard","meta":{"footnotes":""},"categories":[19],"tags":[],"class_list":["post-233224","post","type-post","status-publish","format-standard","has-post-thumbnail","hentry","category-espectaculos"],"_links":{"self":[{"href":"https:\/\/corrientesdetarde.com\/index.php\/wp-json\/wp\/v2\/posts\/233224","targetHints":{"allow":["GET"]}}],"collection":[{"href":"https:\/\/corrientesdetarde.com\/index.php\/wp-json\/wp\/v2\/posts"}],"about":[{"href":"https:\/\/corrientesdetarde.com\/index.php\/wp-json\/wp\/v2\/types\/post"}],"author":[{"embeddable":true,"href":"https:\/\/corrientesdetarde.com\/index.php\/wp-json\/wp\/v2\/users\/8"}],"replies":[{"embeddable":true,"href":"https:\/\/corrientesdetarde.com\/index.php\/wp-json\/wp\/v2\/comments?post=233224"}],"version-history":[{"count":1,"href":"https:\/\/corrientesdetarde.com\/index.php\/wp-json\/wp\/v2\/posts\/233224\/revisions"}],"predecessor-version":[{"id":233226,"href":"https:\/\/corrientesdetarde.com\/index.php\/wp-json\/wp\/v2\/posts\/233224\/revisions\/233226"}],"wp:featuredmedia":[{"embeddable":true,"href":"https:\/\/corrientesdetarde.com\/index.php\/wp-json\/wp\/v2\/media\/233225"}],"wp:attachment":[{"href":"https:\/\/corrientesdetarde.com\/index.php\/wp-json\/wp\/v2\/media?parent=233224"}],"wp:term":[{"taxonomy":"category","embeddable":true,"href":"https:\/\/corrientesdetarde.com\/index.php\/wp-json\/wp\/v2\/categories?post=233224"},{"taxonomy":"post_tag","embeddable":true,"href":"https:\/\/corrientesdetarde.com\/index.php\/wp-json\/wp\/v2\/tags?post=233224"}],"curies":[{"name":"wp","href":"https:\/\/api.w.org\/{rel}","templated":true}]}}