{"id":233227,"date":"2025-10-27T16:27:38","date_gmt":"2025-10-27T19:27:38","guid":{"rendered":"https:\/\/corrientesdetarde.com\/?p=233227"},"modified":"2025-10-27T16:27:42","modified_gmt":"2025-10-27T19:27:42","slug":"el-presidente-mas-longevo-del-mundo-fue-reelecto-a-los-92-anos-y-lleva-mas-de-cuatro-decadas-en-el-poder","status":"publish","type":"post","link":"https:\/\/corrientesdetarde.com\/index.php\/internacionales\/el-presidente-mas-longevo-del-mundo-fue-reelecto-a-los-92-anos-y-lleva-mas-de-cuatro-decadas-en-el-poder\/","title":{"rendered":"El presidente m\u00e1s longevo del mundo fue reelecto a los 92 a\u00f1os y lleva m\u00e1s de cuatro d\u00e9cadas en el poder"},"content":{"rendered":"\n<p>Paul Biya fue proclamado ganador de las elecciones celebradas el 12 de octubre en Camer\u00fan. Sin embargo, no es el mandatario que m\u00e1s tiempo lleva en el poder a nivel global.<\/p>\n\n\n\n<p>Tiene 92 a\u00f1os, gobierna desde hace m\u00e1s de cuatro d\u00e9cadas y no piensa en abandonar el poder. El presidente de Camer\u00fan,&nbsp;<strong>Paul Biya<\/strong>, el jefe de Estado m\u00e1s viejo del mundo, fue declarado este lunes como ganador de las elecciones del 12 de octubre en ese pa\u00eds del centro-oeste de \u00c1frica.<\/p>\n\n\n\n<p>Aunque sus casi cuarenta y tres a\u00f1os al mando de Camer\u00fan parezcan una eternidad, Biya sigue sin ser el presidente que m\u00e1s tiempo lleva en el poder en el mundo.<\/p>\n\n\n\n<p>Esa marca corresponde a su hom\u00f3logo de Guinea Ecuatorial,&nbsp;<strong>Teodoro Obiang<\/strong>, de 83 a\u00f1os, quien alcanz\u00f3 el poder en la excolonia espa\u00f1ola el 3 de agosto de 1979, cuando derroc\u00f3 a su t\u00edo Francisco Mac\u00edas en un golpe de Estado.<\/p>\n\n\n\n<p>Biya, uno de los hombres m\u00e1s ricos de su pa\u00eds, \u201capenas\u201d gobierna desde 1982. En estas elecciones compiti\u00f3 con 11 rivales, todos mucho m\u00e1s j\u00f3venes que \u00e9l. El gobernante obtuvo su octavo mandato con un 53,33% de los votos. El nuevo per\u00edodo se extiende por siete a\u00f1os. De completarlo tendr\u00e1 99 a\u00f1os.<\/p>\n\n\n\n<p>Tras conocerse el resultado, seguidores del exministro y candidato opositor&nbsp;<strong>Issa Tchiroma Bakary<\/strong>, denunciaron&nbsp;<strong>fraude<\/strong>&nbsp;y organizaron protestas. Bakary denunci\u00f3 disparos contra civiles reunidos frente a su domicilio en Yaoundee, la capital, que causaron dos muertos.<\/p>\n\n\n\n<figure class=\"wp-block-image\"><img decoding=\"async\" src=\"https:\/\/tn.com.ar\/resizer\/v2\/un-partidario-del-candidato-opositor-camerunes-issa-tchiroma-reacciona-durante-los-enfrentamientos-con-las-fuerzas-de-seguridad-despues-de-que-el-consejo-constitucional-declarara-al-presidente-paul-biya-como-ganador-de-las-elecciones-presidenciales-del-12-de-octubre-en-douala-camerun-foto-reuterszohra-bensemra-QE7FOI3OWNCINOLX5N23WPD4CE.jfif?auth=4f10774aecff52dc309b8dc360e928cf8374318bd102f1c96710f6b5275becf8&amp;width=767\" alt=\"Un partidario del candidato opositor camerun\u00e9s Issa Tchiroma reacciona durante los enfrentamientos con las fuerzas de seguridad despu\u00e9s de que el Consejo Constitucional declarara al presidente Paul Biya como ganador de las elecciones presidenciales del 12 de octubre, en Douala, Camer\u00fan (Foto: REUTERS\/Zohra Bensemra)\"\/><\/figure>\n\n\n\n<h2 class=\"wp-block-heading\">Qui\u00e9n es Paul Biya<\/h2>\n\n\n\n<p>Biya naci\u00f3 en la aldea de Mvomeka\u2019a, en la actual Regi\u00f3n Sur de Camer\u00fan, el 13 de febrero de 1933, cuando esa zona era parte de una colonia francesa.<\/p>\n\n\n\n<p>Tras completar su educaci\u00f3n primaria, estudi\u00f3 a seminarios hasta 1954. Posteriormente, estudi\u00f3 en el Liceo General Leclerc en Yaund\u00e9, la capital; y curs\u00f3 estudios superiores en Francia, donde se gradu\u00f3 en derecho en 1961 antes de regresar al pa\u00eds, que ya era independiente.<\/p>\n\n\n\n<figure class=\"wp-block-image\"><img decoding=\"async\" src=\"https:\/\/tn.com.ar\/resizer\/v2\/paul-biya-voto-en-las-elecciones-de-camerun-a-su-lado-su-esposa-chantal-foto-reuterszohra-bensemra-LBRUVEEYUOPC4FMQ2ZTIMO5YCI.jpg?auth=c65c216584ffc102bb05ee61ed6c20c729112c7d430303fa19df10856f02485a&amp;width=767\" alt=\" Paul Biya voto en las elecciones de Camer\u00fan. A su lado, su esposa, Chantal (Foto: REUTERS\/Zohra Bensemra)\"\/><\/figure>\n\n\n\n<p>En la d\u00e9cada de 1960, asumi\u00f3 diversos cargos gubernamentales hasta que, en junio de 1975, se convirti\u00f3 en primer ministro en el Gobierno de&nbsp;<strong>Ahmadou Ahidjo<\/strong>, primer presidente del pa\u00eds.<\/p>\n\n\n\n<p>Tras siete a\u00f1os como primer ministro, el l\u00edder camerun\u00e9s lleg\u00f3 a la jefatura del Estado en 1982, al sustituir a Ahidjo, quien present\u00f3 su renuncia.<\/p>\n\n\n\n<p>Camer\u00fan ha tenido s\u00f3lo dos jefes de Estado desde su independencia. Biya es el \u00fanico que la mayor\u00eda de los cameruneses -menores de 25 a\u00f1os- ha conocido hasta la fecha.<\/p>\n\n\n\n<p>El \u201cHombre Le\u00f3n\u201d, como se refieren afectuosamente a Biya sus admiradores y su partido, la Reagrupaci\u00f3n Democr\u00e1tica del Pueblo Camerun\u00e9s (RDPC), gan\u00f3 a rega\u00f1adientes el establecimiento de una democracia multipartita a comienzos de los a\u00f1os noventa.<\/p>\n\n\n\n<p>Desde entonces, el mandatario no dej\u00f3 de ganar elecciones, la \u00faltima en 2018, que dio lugar a su s\u00e9ptimo mandato de siete a\u00f1os, pese a ser tildada por la oposici\u00f3n como fraudulentas.<\/p>\n\n\n\n<p>Los mandatos de Biya han estado tambi\u00e9n marcados por acusaci\u00f3n de corrupci\u00f3n y represi\u00f3n por parte de la oposici\u00f3n y organizaciones pro derechos humanos.<\/p>\n\n\n\n<p>En la d\u00e9cada de los a\u00f1os 90, acorralado por una fuerte recesi\u00f3n econ\u00f3mica, Biya solicit\u00f3 ayuda internacional y aplic\u00f3 las medidas del Fondo Monetario Internacional (FMI).<\/p>\n\n\n\n<p>Los recortes en educaci\u00f3n, sanidad y salarios y la corrupci\u00f3n desenfrenada generaron entonces las primeras huelgas y protestas contra el Gobierno, que, pese a ser reprimidas con dureza, sembraron la semilla del multipartidismo y una t\u00edmida reforma democr\u00e1tica.<\/p>\n\n\n\n<p>Pese al descontento popular, Biya mantuvo su paso triunfal en las elecciones y reform\u00f3 la Constituci\u00f3n para poder ser reelegido sin l\u00edmite.<\/p>\n\n\n\n<h2 class=\"wp-block-heading\">Un presidente \u201causente\u201d<\/h2>\n\n\n\n<p>La presidencia del longevo gobernante se ha visto marcada tambi\u00e9n por los&nbsp;<strong>largos per\u00edodos de tiempo<\/strong>&nbsp;que pas\u00f3 fuera de Camer\u00fan en honor a su apodo de \u201cpresidente ausente\u201d.<\/p>\n\n\n\n<p>El destino m\u00e1s recurrente suele ser Europa, en concreto, la ciudad suiza de Ginebra, donde ocasionalmente se hospedaba en el hotel de cinco estrellas Intercontinental.<\/p>\n\n\n\n<p>Suele ir acompa\u00f1ada de su esposa Chantal, de 55 a\u00f1os y con la que tiene dos hijos (Paul y Brenda); y de un s\u00e9quito formado por ministros, guardaespaldas o mayordomos.<\/p>\n","protected":false},"excerpt":{"rendered":"<p>Paul Biya fue proclamado ganador de las elecciones celebradas el 12 de octubre en Camer\u00fan. Sin embargo, no es el mandatario que m\u00e1s tiempo lleva en el poder a nivel&hellip; <\/p>\n","protected":false},"author":8,"featured_media":233228,"comment_status":"closed","ping_status":"open","sticky":false,"template":"","format":"standard","meta":{"footnotes":""},"categories":[11],"tags":[],"class_list":["post-233227","post","type-post","status-publish","format-standard","has-post-thumbnail","hentry","category-internacionales"],"_links":{"self":[{"href":"https:\/\/corrientesdetarde.com\/index.php\/wp-json\/wp\/v2\/posts\/233227","targetHints":{"allow":["GET"]}}],"collection":[{"href":"https:\/\/corrientesdetarde.com\/index.php\/wp-json\/wp\/v2\/posts"}],"about":[{"href":"https:\/\/corrientesdetarde.com\/index.php\/wp-json\/wp\/v2\/types\/post"}],"author":[{"embeddable":true,"href":"https:\/\/corrientesdetarde.com\/index.php\/wp-json\/wp\/v2\/users\/8"}],"replies":[{"embeddable":true,"href":"https:\/\/corrientesdetarde.com\/index.php\/wp-json\/wp\/v2\/comments?post=233227"}],"version-history":[{"count":1,"href":"https:\/\/corrientesdetarde.com\/index.php\/wp-json\/wp\/v2\/posts\/233227\/revisions"}],"predecessor-version":[{"id":233229,"href":"https:\/\/corrientesdetarde.com\/index.php\/wp-json\/wp\/v2\/posts\/233227\/revisions\/233229"}],"wp:featuredmedia":[{"embeddable":true,"href":"https:\/\/corrientesdetarde.com\/index.php\/wp-json\/wp\/v2\/media\/233228"}],"wp:attachment":[{"href":"https:\/\/corrientesdetarde.com\/index.php\/wp-json\/wp\/v2\/media?parent=233227"}],"wp:term":[{"taxonomy":"category","embeddable":true,"href":"https:\/\/corrientesdetarde.com\/index.php\/wp-json\/wp\/v2\/categories?post=233227"},{"taxonomy":"post_tag","embeddable":true,"href":"https:\/\/corrientesdetarde.com\/index.php\/wp-json\/wp\/v2\/tags?post=233227"}],"curies":[{"name":"wp","href":"https:\/\/api.w.org\/{rel}","templated":true}]}}