{"id":233263,"date":"2025-10-27T21:10:45","date_gmt":"2025-10-28T00:10:45","guid":{"rendered":"https:\/\/corrientesdetarde.com\/?p=233263"},"modified":"2025-10-27T21:11:16","modified_gmt":"2025-10-28T00:11:16","slug":"secuestran-pescados-capturados-ilegalmente-en-el-rio-parana","status":"publish","type":"post","link":"https:\/\/corrientesdetarde.com\/index.php\/policiales\/secuestran-pescados-capturados-ilegalmente-en-el-rio-parana\/","title":{"rendered":"Secuestran pescados capturados ilegalmente en el r\u00edo Paran\u00e1"},"content":{"rendered":"\n<p>Personal de la Direcci\u00f3n de Seguridad Rural y Ecol\u00f3gica de la Polic\u00eda de Corrientes, en colaboraci\u00f3n con la Direcci\u00f3n General de Recursos Naturales, realiz\u00f3 un operativo de control en aguas del r\u00edo Paran\u00e1 que culmin\u00f3 con el secuestro de ejemplares de pat\u00ed y surub\u00ed capturados de manera ilegal.<\/p>\n\n\n\n<p>El procedimiento se llev\u00f3 a cabo el domingo alrededor de las 16 horas, durante una recorrida en lancha. En el marco del operativo, las autoridades labrararon dos actas de infracci\u00f3n por incumplimiento de la normativa vigente en materia de pesca.<\/p>\n\n\n\n<p>La intervenci\u00f3n fue encabezada por el Inspector Ra\u00fal Barrientos, junto a efectivos policiales a cargo del Sargento H\u00e9ctor \u00c1valos y el Cabo Primero Mario Mart\u00ednez.<\/p>\n\n\n\n<p>El operativo finaliz\u00f3 cerca de las 21 horas, con la incautaci\u00f3n de los productos ict\u00edcolas y la elaboraci\u00f3n de las actuaciones correspondientes por parte de las autoridades competentes.<\/p>\n","protected":false},"excerpt":{"rendered":"<p>Personal de la Direcci\u00f3n de Seguridad Rural y Ecol\u00f3gica de la Polic\u00eda de Corrientes, en colaboraci\u00f3n con la Direcci\u00f3n General de Recursos Naturales, realiz\u00f3 un operativo de control en aguas&hellip; <\/p>\n","protected":false},"author":4,"featured_media":233264,"comment_status":"closed","ping_status":"open","sticky":false,"template":"","format":"standard","meta":{"footnotes":""},"categories":[33],"tags":[],"class_list":["post-233263","post","type-post","status-publish","format-standard","has-post-thumbnail","hentry","category-policiales"],"_links":{"self":[{"href":"https:\/\/corrientesdetarde.com\/index.php\/wp-json\/wp\/v2\/posts\/233263","targetHints":{"allow":["GET"]}}],"collection":[{"href":"https:\/\/corrientesdetarde.com\/index.php\/wp-json\/wp\/v2\/posts"}],"about":[{"href":"https:\/\/corrientesdetarde.com\/index.php\/wp-json\/wp\/v2\/types\/post"}],"author":[{"embeddable":true,"href":"https:\/\/corrientesdetarde.com\/index.php\/wp-json\/wp\/v2\/users\/4"}],"replies":[{"embeddable":true,"href":"https:\/\/corrientesdetarde.com\/index.php\/wp-json\/wp\/v2\/comments?post=233263"}],"version-history":[{"count":1,"href":"https:\/\/corrientesdetarde.com\/index.php\/wp-json\/wp\/v2\/posts\/233263\/revisions"}],"predecessor-version":[{"id":233265,"href":"https:\/\/corrientesdetarde.com\/index.php\/wp-json\/wp\/v2\/posts\/233263\/revisions\/233265"}],"wp:featuredmedia":[{"embeddable":true,"href":"https:\/\/corrientesdetarde.com\/index.php\/wp-json\/wp\/v2\/media\/233264"}],"wp:attachment":[{"href":"https:\/\/corrientesdetarde.com\/index.php\/wp-json\/wp\/v2\/media?parent=233263"}],"wp:term":[{"taxonomy":"category","embeddable":true,"href":"https:\/\/corrientesdetarde.com\/index.php\/wp-json\/wp\/v2\/categories?post=233263"},{"taxonomy":"post_tag","embeddable":true,"href":"https:\/\/corrientesdetarde.com\/index.php\/wp-json\/wp\/v2\/tags?post=233263"}],"curies":[{"name":"wp","href":"https:\/\/api.w.org\/{rel}","templated":true}]}}