{"id":233342,"date":"2025-10-28T12:24:08","date_gmt":"2025-10-28T15:24:08","guid":{"rendered":"https:\/\/corrientesdetarde.com\/?p=233342"},"modified":"2025-10-28T12:24:14","modified_gmt":"2025-10-28T15:24:14","slug":"santo-tome-lanzo-su-tradicional-festival-del-folklore-correntino","status":"publish","type":"post","link":"https:\/\/corrientesdetarde.com\/index.php\/cultura\/santo-tome-lanzo-su-tradicional-festival-del-folklore-correntino\/","title":{"rendered":"Santo Tom\u00e9 lanz\u00f3 su tradicional Festival del Folklore Correntino"},"content":{"rendered":"\n<p>El Sal\u00f3n Verde de Casa de Gobierno ofreci\u00f3 el marco propicio para el lanzamiento de la 59\u00b0edici\u00f3n del Festival del Folklore Correntino a realizarse el 7 y 8 de noviembre en Santo Tom\u00e9.<\/p>\n\n\n\n<p>Bajo el lema \u201cRa\u00edz de Tierra y Canto\u201d el evento ofrece un espacio en donde la m\u00fasica, la danza y la cultura correntina latir\u00e1n en el escenario Isaco Abitbol del Anfiteatro Genaro Ber\u00f3n de Astrada, con entrada libre y gratuita al predio, mientras que las ubicaciones comenzar\u00e1n a venderse en los pr\u00f3ximos d\u00edas.<\/p>\n\n\n\n<p>Ser\u00e1n dos noches a pleno para celebrar la m\u00fasica, la historia, las ra\u00edces y el orgullo de un pueblo que hace de esta fiesta una tradici\u00f3n viva, con la presencia de artistas reconocidos de la regi\u00f3n.&nbsp;Para que as\u00ed las familias, los visitantes y la comunidad puedan disfrutar con intensidad el evento.<\/p>\n\n\n\n<p>Cabe remarcar que habr\u00e1 un paseo artesanal y gastron\u00f3mico durante las dos noches de festival.<\/p>\n\n\n\n<p><strong>Ministra Eliciri<\/strong><\/p>\n\n\n\n<p>La ministra de Turismo, Alejandra Eliciri, explic\u00f3 que el turismo en Corrientes se basa en dos pilares fundamentales: la riqueza natural y la riqueza cultural. &#8220;Dentro de nuestra riqueza cultural, sin lugar a dudas, las tradiciones, y sobre todo el folklore&#8221;, se\u00f1al\u00f3, son claves, ya que esta m\u00fasica &#8220;describe nuestra naturaleza y nuestra cultura&#8221;.<\/p>\n\n\n\n<p>Afirm\u00f3 que esta identidad &#8220;nos caracteriza a nivel nacional, y ahora podr\u00edamos decir a nivel mundial&#8221;, haciendo referencia al reciente reconocimiento internacional de Carlos Pellegrini. Subray\u00f3 que dicho reconocimiento se bas\u00f3 precisamente en &#8220;poder preservar esas tradiciones, esa cultura, esa historia, y ese cuidado por la naturaleza&#8221;.<\/p>\n\n\n\n<p>&#8220;Este tipo de eventos los celebramos, los acompa\u00f1amos, y sobre todo, los promovemos&#8221;, sostuvo Eliciri. Finalmente, anim\u00f3 a los presentes a &#8220;disfrutar de nuestra m\u00fasica&#8221; y &#8220;poder, como dir\u00edamos, enchamigarnos y pasar una velada realmente maravillosa&#8221;, reiterando que Corrientes sigue trabajando para &#8220;convertirse en un destino de excelencia&#8221;.<\/p>\n\n\n\n<p><strong>Director de Cultura<\/strong><\/p>\n\n\n\n<p>El director de Cultura Municipal de Santo Tom\u00e9, Joaqu\u00edn Insausti, destac\u00f3 que este Festival es el m\u00e1s antiguo de la provincia y tercero en importancia de este g\u00e9nero musical en el pa\u00eds y record\u00f3 que la primera edici\u00f3n se dio en 1964 en la Sociedad Espa\u00f1ola de Santo Tome, con lo cual \u201cestamos casi en los 60 a\u00f1os de historia\u201d.<\/p>\n\n\n\n<p>A su vez, el funcionario comunal subray\u00f3 que pese a la coyuntura econ\u00f3mica, Santo Tom\u00e9 sigue apostando fuerte a este Festival, entendiendo que la \u201ccultura no es un gasto, sino una inversi\u00f3n\u201d.<\/p>\n\n\n\n<p><strong>Director de Turismo<\/strong><\/p>\n\n\n\n<p>A su turno, Miguel Ayala, director de Turismo de Santo Tom\u00e9, se\u00f1al\u00f3 que el trabajo organizativo en torno al Festival es arduo, para no dejar ning\u00fan detalle librado al azar y descont\u00f3 que habr\u00e1 una masiva convocatoria de gente durante las dos noches, \u201ccon una grilla nutrida y destacada de artistas\u201d.<\/p>\n\n\n\n<p>Ayala hizo una invitaci\u00f3n formal a toda la gente a asistir al Festival, para as\u00ed vivir \u201cm\u00fasica, tradici\u00f3n, gastronom\u00eda, paseo de artesanos y emprendedores y muchas otras sorpresas\u201d.<\/p>\n\n\n\n<p><strong>Presencias<\/strong><\/p>\n\n\n\n<p>Participaron del lanzamiento, adem\u00e1s, la presidenta del Instituto de Cultura, Beatriz Kunin, la directora del Teatro Vera, Lourdes S\u00e1nchez, subsecretarios del gobierno provincial, de Gesti\u00f3n Sanitaria, Silvina Vega, de Promoci\u00f3n e Inversiones Tur\u00edsticas, Augusto Costaguta y de Coordinaci\u00f3n de Entes Descentralizados del Ministerio de Obras y Servicios P\u00fablicos, Miguel \u00c1ngel Arismendi, los artistas&nbsp; Santiago \u201cBocha\u201d Sheridan, Jonathan Ponce y Gabriela Alves, Miss Santo Tom\u00e9, Thaina Reguera y otras autoridades.<\/p>\n\n\n\n<p><strong>Grilla de artistas<\/strong><\/p>\n\n\n\n<p>Respecto a la grilla de artistas, el viernes 7 de noviembre actuar\u00e1n: Sele Vera y Los Pampas, Los Vecinos, Los Matu\u00e1 Mercede\u00f1os, Los \u00c1ngeles Rom\u00e1nticos y Franco Massignani. Tambi\u00e9n pasar\u00e1n por el escenario: Exequiel Fern\u00e1ndez, el grupo Espuelas de Plata, Los Hermanos Aguilera, Nicol\u00e1s Medonza, Mart\u00edn y Ariel Espinoza, Fede Maceri, Guadalupe P\u00edriz, Johana Fern\u00e1ndez, Taller Municipal de Danzas y el Ballet \u00d1ande R\u00f3ga.<\/p>\n\n\n\n<p>En tanto, el s\u00e1bado 8 de noviembre se presentar\u00e1n: Destino San Javier, Bocha Sheridan, Diego Guti\u00e9rrez, Tr\u00e9bol de Ases, Irundy y Renato Fagundes. Tambi\u00e9n actuar\u00e1n Litoral Mit\u00e1, Roberta Ensslin, Adolfo P\u00edriz, Camb\u00e1 Molina, Duo Monje-Alegre, Tradici\u00f3n Guaran\u00ed, Cuarteto Santa Ana, Escuela Municipal de M\u00fasica, Ballet Ra\u00edces de Mi Tierra, Ballet \u00d1ande R\u00f3ga, y El Regional Ballet.<\/p>\n\n\n\n<figure class=\"wp-block-image size-large\"><img loading=\"lazy\" decoding=\"async\" width=\"1024\" height=\"682\" src=\"https:\/\/corrientesdetarde.com\/wp-content\/uploads\/2025\/10\/image-905-1024x682.png\" alt=\"\" class=\"wp-image-233343\" srcset=\"https:\/\/corrientesdetarde.com\/wp-content\/uploads\/2025\/10\/image-905-1024x682.png 1024w, https:\/\/corrientesdetarde.com\/wp-content\/uploads\/2025\/10\/image-905-300x200.png 300w, https:\/\/corrientesdetarde.com\/wp-content\/uploads\/2025\/10\/image-905-768x512.png 768w, https:\/\/corrientesdetarde.com\/wp-content\/uploads\/2025\/10\/image-905-1536x1023.png 1536w, https:\/\/corrientesdetarde.com\/wp-content\/uploads\/2025\/10\/image-905.png 1600w\" sizes=\"auto, (max-width: 1024px) 100vw, 1024px\" \/><\/figure>\n\n\n\n<figure class=\"wp-block-image size-large\"><img loading=\"lazy\" decoding=\"async\" width=\"1024\" height=\"682\" src=\"https:\/\/corrientesdetarde.com\/wp-content\/uploads\/2025\/10\/image-906-1024x682.png\" alt=\"\" class=\"wp-image-233344\" srcset=\"https:\/\/corrientesdetarde.com\/wp-content\/uploads\/2025\/10\/image-906-1024x682.png 1024w, https:\/\/corrientesdetarde.com\/wp-content\/uploads\/2025\/10\/image-906-300x200.png 300w, https:\/\/corrientesdetarde.com\/wp-content\/uploads\/2025\/10\/image-906-768x512.png 768w, https:\/\/corrientesdetarde.com\/wp-content\/uploads\/2025\/10\/image-906-1536x1023.png 1536w, https:\/\/corrientesdetarde.com\/wp-content\/uploads\/2025\/10\/image-906.png 1600w\" sizes=\"auto, (max-width: 1024px) 100vw, 1024px\" \/><\/figure>\n\n\n\n<figure class=\"wp-block-image size-large\"><img loading=\"lazy\" decoding=\"async\" width=\"1024\" height=\"682\" src=\"https:\/\/corrientesdetarde.com\/wp-content\/uploads\/2025\/10\/image-907-1024x682.png\" alt=\"\" class=\"wp-image-233345\" srcset=\"https:\/\/corrientesdetarde.com\/wp-content\/uploads\/2025\/10\/image-907-1024x682.png 1024w, https:\/\/corrientesdetarde.com\/wp-content\/uploads\/2025\/10\/image-907-300x200.png 300w, https:\/\/corrientesdetarde.com\/wp-content\/uploads\/2025\/10\/image-907-768x512.png 768w, https:\/\/corrientesdetarde.com\/wp-content\/uploads\/2025\/10\/image-907-1536x1023.png 1536w, https:\/\/corrientesdetarde.com\/wp-content\/uploads\/2025\/10\/image-907.png 1600w\" sizes=\"auto, (max-width: 1024px) 100vw, 1024px\" \/><\/figure>\n\n\n\n<figure class=\"wp-block-image size-large\"><img loading=\"lazy\" decoding=\"async\" width=\"1024\" height=\"682\" src=\"https:\/\/corrientesdetarde.com\/wp-content\/uploads\/2025\/10\/image-908-1024x682.png\" alt=\"\" class=\"wp-image-233346\" srcset=\"https:\/\/corrientesdetarde.com\/wp-content\/uploads\/2025\/10\/image-908-1024x682.png 1024w, https:\/\/corrientesdetarde.com\/wp-content\/uploads\/2025\/10\/image-908-300x200.png 300w, https:\/\/corrientesdetarde.com\/wp-content\/uploads\/2025\/10\/image-908-768x512.png 768w, https:\/\/corrientesdetarde.com\/wp-content\/uploads\/2025\/10\/image-908-1536x1023.png 1536w, https:\/\/corrientesdetarde.com\/wp-content\/uploads\/2025\/10\/image-908.png 1600w\" sizes=\"auto, (max-width: 1024px) 100vw, 1024px\" \/><\/figure>\n\n\n\n<figure class=\"wp-block-image size-large\"><img loading=\"lazy\" decoding=\"async\" width=\"1024\" height=\"682\" src=\"https:\/\/corrientesdetarde.com\/wp-content\/uploads\/2025\/10\/image-909-1024x682.png\" alt=\"\" class=\"wp-image-233347\" srcset=\"https:\/\/corrientesdetarde.com\/wp-content\/uploads\/2025\/10\/image-909-1024x682.png 1024w, https:\/\/corrientesdetarde.com\/wp-content\/uploads\/2025\/10\/image-909-300x200.png 300w, https:\/\/corrientesdetarde.com\/wp-content\/uploads\/2025\/10\/image-909-768x512.png 768w, https:\/\/corrientesdetarde.com\/wp-content\/uploads\/2025\/10\/image-909-1536x1023.png 1536w, https:\/\/corrientesdetarde.com\/wp-content\/uploads\/2025\/10\/image-909.png 1600w\" sizes=\"auto, (max-width: 1024px) 100vw, 1024px\" \/><\/figure>\n\n\n\n<figure class=\"wp-block-image size-large\"><img loading=\"lazy\" decoding=\"async\" width=\"1024\" height=\"682\" src=\"https:\/\/corrientesdetarde.com\/wp-content\/uploads\/2025\/10\/image-910-1024x682.png\" alt=\"\" class=\"wp-image-233348\" srcset=\"https:\/\/corrientesdetarde.com\/wp-content\/uploads\/2025\/10\/image-910-1024x682.png 1024w, https:\/\/corrientesdetarde.com\/wp-content\/uploads\/2025\/10\/image-910-300x200.png 300w, https:\/\/corrientesdetarde.com\/wp-content\/uploads\/2025\/10\/image-910-768x512.png 768w, https:\/\/corrientesdetarde.com\/wp-content\/uploads\/2025\/10\/image-910-1536x1023.png 1536w, https:\/\/corrientesdetarde.com\/wp-content\/uploads\/2025\/10\/image-910.png 1600w\" sizes=\"auto, (max-width: 1024px) 100vw, 1024px\" \/><\/figure>\n\n\n\n<figure class=\"wp-block-image size-large\"><img loading=\"lazy\" decoding=\"async\" width=\"1024\" height=\"682\" src=\"https:\/\/corrientesdetarde.com\/wp-content\/uploads\/2025\/10\/image-911-1024x682.png\" alt=\"\" class=\"wp-image-233349\" srcset=\"https:\/\/corrientesdetarde.com\/wp-content\/uploads\/2025\/10\/image-911-1024x682.png 1024w, https:\/\/corrientesdetarde.com\/wp-content\/uploads\/2025\/10\/image-911-300x200.png 300w, https:\/\/corrientesdetarde.com\/wp-content\/uploads\/2025\/10\/image-911-768x512.png 768w, https:\/\/corrientesdetarde.com\/wp-content\/uploads\/2025\/10\/image-911-1536x1023.png 1536w, https:\/\/corrientesdetarde.com\/wp-content\/uploads\/2025\/10\/image-911.png 1600w\" sizes=\"auto, (max-width: 1024px) 100vw, 1024px\" \/><\/figure>\n\n\n\n<figure class=\"wp-block-image size-large\"><img loading=\"lazy\" decoding=\"async\" width=\"1024\" height=\"682\" src=\"https:\/\/corrientesdetarde.com\/wp-content\/uploads\/2025\/10\/image-912-1024x682.png\" alt=\"\" class=\"wp-image-233350\" srcset=\"https:\/\/corrientesdetarde.com\/wp-content\/uploads\/2025\/10\/image-912-1024x682.png 1024w, https:\/\/corrientesdetarde.com\/wp-content\/uploads\/2025\/10\/image-912-300x200.png 300w, https:\/\/corrientesdetarde.com\/wp-content\/uploads\/2025\/10\/image-912-768x512.png 768w, https:\/\/corrientesdetarde.com\/wp-content\/uploads\/2025\/10\/image-912-1536x1023.png 1536w, https:\/\/corrientesdetarde.com\/wp-content\/uploads\/2025\/10\/image-912.png 1600w\" sizes=\"auto, (max-width: 1024px) 100vw, 1024px\" \/><\/figure>\n\n\n\n<figure class=\"wp-block-image size-large\"><img loading=\"lazy\" decoding=\"async\" width=\"1024\" height=\"682\" src=\"https:\/\/corrientesdetarde.com\/wp-content\/uploads\/2025\/10\/image-913-1024x682.png\" alt=\"\" class=\"wp-image-233351\" srcset=\"https:\/\/corrientesdetarde.com\/wp-content\/uploads\/2025\/10\/image-913-1024x682.png 1024w, https:\/\/corrientesdetarde.com\/wp-content\/uploads\/2025\/10\/image-913-300x200.png 300w, https:\/\/corrientesdetarde.com\/wp-content\/uploads\/2025\/10\/image-913-768x512.png 768w, https:\/\/corrientesdetarde.com\/wp-content\/uploads\/2025\/10\/image-913-1536x1023.png 1536w, https:\/\/corrientesdetarde.com\/wp-content\/uploads\/2025\/10\/image-913.png 1600w\" sizes=\"auto, (max-width: 1024px) 100vw, 1024px\" \/><\/figure>\n","protected":false},"excerpt":{"rendered":"<p>El Sal\u00f3n Verde de Casa de Gobierno ofreci\u00f3 el marco propicio para el lanzamiento de la 59\u00b0edici\u00f3n del Festival del Folklore Correntino a realizarse el 7 y 8 de noviembre&hellip; <\/p>\n","protected":false},"author":8,"featured_media":233351,"comment_status":"closed","ping_status":"open","sticky":false,"template":"","format":"standard","meta":{"footnotes":""},"categories":[15],"tags":[],"class_list":["post-233342","post","type-post","status-publish","format-standard","has-post-thumbnail","hentry","category-cultura"],"_links":{"self":[{"href":"https:\/\/corrientesdetarde.com\/index.php\/wp-json\/wp\/v2\/posts\/233342","targetHints":{"allow":["GET"]}}],"collection":[{"href":"https:\/\/corrientesdetarde.com\/index.php\/wp-json\/wp\/v2\/posts"}],"about":[{"href":"https:\/\/corrientesdetarde.com\/index.php\/wp-json\/wp\/v2\/types\/post"}],"author":[{"embeddable":true,"href":"https:\/\/corrientesdetarde.com\/index.php\/wp-json\/wp\/v2\/users\/8"}],"replies":[{"embeddable":true,"href":"https:\/\/corrientesdetarde.com\/index.php\/wp-json\/wp\/v2\/comments?post=233342"}],"version-history":[{"count":1,"href":"https:\/\/corrientesdetarde.com\/index.php\/wp-json\/wp\/v2\/posts\/233342\/revisions"}],"predecessor-version":[{"id":233352,"href":"https:\/\/corrientesdetarde.com\/index.php\/wp-json\/wp\/v2\/posts\/233342\/revisions\/233352"}],"wp:featuredmedia":[{"embeddable":true,"href":"https:\/\/corrientesdetarde.com\/index.php\/wp-json\/wp\/v2\/media\/233351"}],"wp:attachment":[{"href":"https:\/\/corrientesdetarde.com\/index.php\/wp-json\/wp\/v2\/media?parent=233342"}],"wp:term":[{"taxonomy":"category","embeddable":true,"href":"https:\/\/corrientesdetarde.com\/index.php\/wp-json\/wp\/v2\/categories?post=233342"},{"taxonomy":"post_tag","embeddable":true,"href":"https:\/\/corrientesdetarde.com\/index.php\/wp-json\/wp\/v2\/tags?post=233342"}],"curies":[{"name":"wp","href":"https:\/\/api.w.org\/{rel}","templated":true}]}}