{"id":233369,"date":"2025-10-28T13:51:09","date_gmt":"2025-10-28T16:51:09","guid":{"rendered":"https:\/\/corrientesdetarde.com\/?p=233369"},"modified":"2025-10-28T13:51:23","modified_gmt":"2025-10-28T16:51:23","slug":"karina-milei-y-santiago-caputo-se-reunieron-para-hacer-un-balance-de-la-estrategia-electoral-de-lla","status":"publish","type":"post","link":"https:\/\/corrientesdetarde.com\/index.php\/politica\/karina-milei-y-santiago-caputo-se-reunieron-para-hacer-un-balance-de-la-estrategia-electoral-de-lla\/","title":{"rendered":"Karina Milei y Santiago Caputo se reunieron para hacer un balance de la estrategia electoral de LLA"},"content":{"rendered":"\n<p>El encuentro se dio durante el mediod\u00eda. No participaron el presidente de la C\u00e1mara de Diputados, Mart\u00edn Menem, ni el subsecretario de Gesti\u00f3n Institucional, Eduardo \u201cLule\u201d Menem.<a href=\"https:\/\/tn.com.ar\/autor\/Isalerno\/\"><\/a><\/p>\n\n\n\n<p><strong>Karina Milei\u00a0y\u00a0S<\/strong><strong>antiago Caputo\u00a0se reunieron para hacer un balance de la estrategia electoral<\/strong>\u00a0<strong>en medio de tensiones internas<\/strong>. Seg\u00fan pudo saber, no participaron el presidente de la C\u00e1mara de Diputados, Mart\u00edn Menem, ni el subsecretario de Gesti\u00f3n Institucional, Eduardo \u201cLule\u201d Menem, pero en su lugar asisti\u00f3 Sharif Menem.<\/p>\n\n\n\n<p>El encuentro fue convocado para las 12 en el sal\u00f3n de la Ciencia de la Casa Rosada y dur\u00f3 m\u00e1s de una hora. Estuvieron presentes tambi\u00e9n los equipos de campa\u00f1a de ambos. En la Casa Rosada&nbsp;<strong>reconocen que ambos sectores \u201cse disputar\u00e1n la autor\u00eda de la victoria\u201d<\/strong>&nbsp;y hay diversas lecturas internas sobre qu\u00e9 sector qued\u00f3 mejor posicionado frente a Javier Milei tras las elecci\u00f3n.<\/p>\n\n\n\n<p>Contin\u00faan adem\u00e1s las acusaciones cruzadas por las decisiones sobre las alianzas en las provincias y se profundizan las diferencias. Mientras que&nbsp;<strong>los cercanos a la presidenta de La Libertad Avanza acusan a los equipos del consultor de \u201cerrar en los pron\u00f3sticos\u201d sobre las proyecciones del voto<\/strong>&nbsp;en las provincias, en el entorno del asesor mantienen las cr\u00edticas hacia la decisi\u00f3n de competir por afuera de los armados de los gobernadores dialoguistas en las legislativas de cada distrito.<\/p>\n\n\n\n<p>\u201c<strong>Esas decisiones estuvieron mal por c\u00f3mo afect\u00f3 el Congreso<\/strong>, no a las elecciones\u201d, expresan. Insisten adem\u00e1s con que \u201cafect\u00f3 al plan econ\u00f3mico\u201d y con que condicion\u00f3 la inestabilidad legislativa del oficialismo, que consideran que deriv\u00f3 en la suba del d\u00f3lar y en el incremento de las tasas en los \u00faltimos meses. Los cercanos a los Menem argumentan que el oficialismo no hubiera sumado 64 diputados sin esa ruptura.<\/p>\n\n\n\n<figure class=\"wp-block-image\"><img decoding=\"async\" src=\"https:\/\/tn.com.ar\/resizer\/v2\/javier-milei-busco-dar-un-mensaje-de-unidad-con-la-decision-de-subir-a-karina-milei-y-a-santiago-caputo-al-escenario-foto-reuterscristina-sille-7BI73QRZMEHBBEOZMRKZPNE764.jpg?auth=08ded23c45ac8bf4a774c5d6a9bf92b934be05d3e6d6c4e07df92ce0ec7412c8&amp;width=767\" alt=\"Javier Milei busc\u00f3 dar un mensaje de unidad con la decisi\u00f3n de subir a Karina Milei y a Santiago Caputo al escenario (Foto: REUTERS\/Cristina Sille).\"\/><\/figure>\n\n\n\n<p>En el Gobierno&nbsp;<strong>crece a la par la versi\u00f3n de que Mart\u00edn Menem tiene una carpeta con todas la diferencias entre las encuestas de Caputo&nbsp;<\/strong>y los resultados que public\u00f3 la Direcci\u00f3n Nacional Electoral (DINE) este domingo. El vicepresidente de La Libertad Avanza ya se reuni\u00f3 con la secretaria general para realizar un balance.<\/p>\n\n\n\n<p>En los sectores neutrales del Ejecutivo&nbsp;<strong>advierten que las diferencias internas sobre los acuerdos electorales se trasladaron a la reconfiguraci\u00f3n del gabinete<\/strong>. En varios despachos oficiales insisten con la salida de Guillermo Francos de la jefatura de gabinete y apuntan al vocero presidencial, Manuel Adorni, como principal candidato a sucederlo.<\/p>\n\n\n\n<p>\u201c<strong>Si eso sucede es porque gan\u00f3 Karina<\/strong>&nbsp;y tambi\u00e9n quiere decir que va a poner el ministro del Interior\u201d, agregan. La silla que ocupa Lisandro Catal\u00e1n es otro de los lugares que se disputan Caputo y los Menem. Lo mismo aplica para el reemplazante en Justicia de Mariano C\u00faneo Libarona, que prolong\u00f3 su estad\u00eda en la gesti\u00f3n porque no hay una definici\u00f3n sobre su sucesor.<\/p>\n\n\n\n<p>En la Casa Rosada advierten que&nbsp;<strong>Javier Milei busc\u00f3 dar un mensaje de unidad con la decisi\u00f3n de subir a Karina Milei y a Santiago Caputo al escenario&nbsp;<\/strong>tras la publicaci\u00f3n de los resultados, pero remarcan que todav\u00eda no hubo una bajada de l\u00ednea interna sobre la reestructuraci\u00f3n del gabinete. La \u00fanica definici\u00f3n es que Alejandra Monteoliva ser\u00e1 la ministra de Seguridad cuando Patricia Bullrich desembarque en el Senado.<\/p>\n\n\n\n<p><\/p>\n","protected":false},"excerpt":{"rendered":"<p>El encuentro se dio durante el mediod\u00eda. No participaron el presidente de la C\u00e1mara de Diputados, Mart\u00edn Menem, ni el subsecretario de Gesti\u00f3n Institucional, Eduardo \u201cLule\u201d Menem. Karina Milei\u00a0y\u00a0Santiago Caputo\u00a0se&hellip; <\/p>\n","protected":false},"author":8,"featured_media":233370,"comment_status":"closed","ping_status":"open","sticky":false,"template":"","format":"standard","meta":{"footnotes":""},"categories":[3],"tags":[],"class_list":["post-233369","post","type-post","status-publish","format-standard","has-post-thumbnail","hentry","category-politica"],"_links":{"self":[{"href":"https:\/\/corrientesdetarde.com\/index.php\/wp-json\/wp\/v2\/posts\/233369","targetHints":{"allow":["GET"]}}],"collection":[{"href":"https:\/\/corrientesdetarde.com\/index.php\/wp-json\/wp\/v2\/posts"}],"about":[{"href":"https:\/\/corrientesdetarde.com\/index.php\/wp-json\/wp\/v2\/types\/post"}],"author":[{"embeddable":true,"href":"https:\/\/corrientesdetarde.com\/index.php\/wp-json\/wp\/v2\/users\/8"}],"replies":[{"embeddable":true,"href":"https:\/\/corrientesdetarde.com\/index.php\/wp-json\/wp\/v2\/comments?post=233369"}],"version-history":[{"count":1,"href":"https:\/\/corrientesdetarde.com\/index.php\/wp-json\/wp\/v2\/posts\/233369\/revisions"}],"predecessor-version":[{"id":233371,"href":"https:\/\/corrientesdetarde.com\/index.php\/wp-json\/wp\/v2\/posts\/233369\/revisions\/233371"}],"wp:featuredmedia":[{"embeddable":true,"href":"https:\/\/corrientesdetarde.com\/index.php\/wp-json\/wp\/v2\/media\/233370"}],"wp:attachment":[{"href":"https:\/\/corrientesdetarde.com\/index.php\/wp-json\/wp\/v2\/media?parent=233369"}],"wp:term":[{"taxonomy":"category","embeddable":true,"href":"https:\/\/corrientesdetarde.com\/index.php\/wp-json\/wp\/v2\/categories?post=233369"},{"taxonomy":"post_tag","embeddable":true,"href":"https:\/\/corrientesdetarde.com\/index.php\/wp-json\/wp\/v2\/tags?post=233369"}],"curies":[{"name":"wp","href":"https:\/\/api.w.org\/{rel}","templated":true}]}}