{"id":233375,"date":"2025-10-28T14:01:28","date_gmt":"2025-10-28T17:01:28","guid":{"rendered":"https:\/\/corrientesdetarde.com\/?p=233375"},"modified":"2025-10-28T14:01:42","modified_gmt":"2025-10-28T17:01:42","slug":"braillard-poccard-recibio-a-la-atleta-goyana-brenda-insaurralde-representante-argentina-en-el-mundial-de-montana-en-espana","status":"publish","type":"post","link":"https:\/\/corrientesdetarde.com\/index.php\/actualidad\/braillard-poccard-recibio-a-la-atleta-goyana-brenda-insaurralde-representante-argentina-en-el-mundial-de-montana-en-espana\/","title":{"rendered":"Braillard Poccard recibi\u00f3 a la atleta goyana Brenda Insaurralde, representante argentina en el Mundial de Monta\u00f1a en Espa\u00f1a"},"content":{"rendered":"\n<p>El vicegobernador Pedro Braillard Poccard recibi\u00f3 en la ma\u00f1ana de hoy en su despacho a la joven atleta Brenda Insaurralde, de 16 a\u00f1os, oriunda de Goya, quien represent\u00f3 a la Argentina en el Campeonato Mundial U20 de Trail y Monta\u00f1a realizado en Canfranc, Espa\u00f1a.<\/p>\n\n\n\n<p>La deportista, integrante del equipo Corrientes Corre, fue la competidora m\u00e1s joven del certamen y logr\u00f3 un destacado desempe\u00f1o al ubicarse como cuarta mejor sudamericana, completando los 7,5 kil\u00f3metros con 400 metros de desnivel en 52 minutos y 55 segundos. Cabe destacar que Brenda ingres\u00f3 a la recta final con la bandera argentina sobre sus hombros, cruzando la meta entre aplausos antes de desplomarse rendida por la fatiga.<\/p>\n\n\n\n<p>Durante el encuentro, el vicegobernador felicit\u00f3 a la atleta por su esfuerzo, disciplina y por llevar el nombre de Corrientes al mundo. \u201cBrenda es un ejemplo de constancia y compromiso, una inspiraci\u00f3n para los j\u00f3venes deportistas de nuestra provincia\u201d, expres\u00f3 Braillard Poccard, quien destac\u00f3 adem\u00e1s la importancia de acompa\u00f1ar y apoyar el desarrollo del deporte correntino.<\/p>\n\n\n\n<p>Brenda comenz\u00f3 a entrenar a los 12 a\u00f1os en Goya junto a su padre y hoy contin\u00faa su preparaci\u00f3n con el profesor Alejandro \u00c1valos. \u201cDesde chica so\u00f1aba con correr en Europa y se cumpli\u00f3 ese sue\u00f1o. Estoy muy feliz y agradecida\u201d, dijo emocionada la atleta, que se prepara ahora para competir en la Carrera Nike de Goya y en el Sudamericano de Bolivia y agradeci\u00f3 el acompa\u00f1amiento continuo de la Vicegobernaci\u00f3n.<\/p>\n\n\n\n<figure class=\"wp-block-image size-large\"><img loading=\"lazy\" decoding=\"async\" width=\"1024\" height=\"682\" src=\"https:\/\/corrientesdetarde.com\/wp-content\/uploads\/2025\/10\/WhatsApp-Image-2025-10-28-at-13.56.31-1024x682.jpeg\" alt=\"\" class=\"wp-image-233376\" srcset=\"https:\/\/corrientesdetarde.com\/wp-content\/uploads\/2025\/10\/WhatsApp-Image-2025-10-28-at-13.56.31-1024x682.jpeg 1024w, https:\/\/corrientesdetarde.com\/wp-content\/uploads\/2025\/10\/WhatsApp-Image-2025-10-28-at-13.56.31-300x200.jpeg 300w, https:\/\/corrientesdetarde.com\/wp-content\/uploads\/2025\/10\/WhatsApp-Image-2025-10-28-at-13.56.31-768x512.jpeg 768w, https:\/\/corrientesdetarde.com\/wp-content\/uploads\/2025\/10\/WhatsApp-Image-2025-10-28-at-13.56.31.jpeg 1280w\" sizes=\"auto, (max-width: 1024px) 100vw, 1024px\" \/><\/figure>\n\n\n\n<figure class=\"wp-block-image size-large\"><img loading=\"lazy\" decoding=\"async\" width=\"1024\" height=\"682\" src=\"https:\/\/corrientesdetarde.com\/wp-content\/uploads\/2025\/10\/WhatsApp-Image-2025-10-28-at-13.56.31-1-1024x682.jpeg\" alt=\"\" class=\"wp-image-233378\" srcset=\"https:\/\/corrientesdetarde.com\/wp-content\/uploads\/2025\/10\/WhatsApp-Image-2025-10-28-at-13.56.31-1-1024x682.jpeg 1024w, https:\/\/corrientesdetarde.com\/wp-content\/uploads\/2025\/10\/WhatsApp-Image-2025-10-28-at-13.56.31-1-300x200.jpeg 300w, https:\/\/corrientesdetarde.com\/wp-content\/uploads\/2025\/10\/WhatsApp-Image-2025-10-28-at-13.56.31-1-768x512.jpeg 768w, https:\/\/corrientesdetarde.com\/wp-content\/uploads\/2025\/10\/WhatsApp-Image-2025-10-28-at-13.56.31-1.jpeg 1280w\" sizes=\"auto, (max-width: 1024px) 100vw, 1024px\" \/><\/figure>\n","protected":false},"excerpt":{"rendered":"<p>El vicegobernador Pedro Braillard Poccard recibi\u00f3 en la ma\u00f1ana de hoy en su despacho a la joven atleta Brenda Insaurralde, de 16 a\u00f1os, oriunda de Goya, quien represent\u00f3 a la&hellip; <\/p>\n","protected":false},"author":8,"featured_media":233377,"comment_status":"closed","ping_status":"open","sticky":false,"template":"","format":"standard","meta":{"footnotes":""},"categories":[23],"tags":[],"class_list":["post-233375","post","type-post","status-publish","format-standard","has-post-thumbnail","hentry","category-actualidad"],"_links":{"self":[{"href":"https:\/\/corrientesdetarde.com\/index.php\/wp-json\/wp\/v2\/posts\/233375","targetHints":{"allow":["GET"]}}],"collection":[{"href":"https:\/\/corrientesdetarde.com\/index.php\/wp-json\/wp\/v2\/posts"}],"about":[{"href":"https:\/\/corrientesdetarde.com\/index.php\/wp-json\/wp\/v2\/types\/post"}],"author":[{"embeddable":true,"href":"https:\/\/corrientesdetarde.com\/index.php\/wp-json\/wp\/v2\/users\/8"}],"replies":[{"embeddable":true,"href":"https:\/\/corrientesdetarde.com\/index.php\/wp-json\/wp\/v2\/comments?post=233375"}],"version-history":[{"count":1,"href":"https:\/\/corrientesdetarde.com\/index.php\/wp-json\/wp\/v2\/posts\/233375\/revisions"}],"predecessor-version":[{"id":233379,"href":"https:\/\/corrientesdetarde.com\/index.php\/wp-json\/wp\/v2\/posts\/233375\/revisions\/233379"}],"wp:featuredmedia":[{"embeddable":true,"href":"https:\/\/corrientesdetarde.com\/index.php\/wp-json\/wp\/v2\/media\/233377"}],"wp:attachment":[{"href":"https:\/\/corrientesdetarde.com\/index.php\/wp-json\/wp\/v2\/media?parent=233375"}],"wp:term":[{"taxonomy":"category","embeddable":true,"href":"https:\/\/corrientesdetarde.com\/index.php\/wp-json\/wp\/v2\/categories?post=233375"},{"taxonomy":"post_tag","embeddable":true,"href":"https:\/\/corrientesdetarde.com\/index.php\/wp-json\/wp\/v2\/tags?post=233375"}],"curies":[{"name":"wp","href":"https:\/\/api.w.org\/{rel}","templated":true}]}}