{"id":233380,"date":"2025-10-28T14:04:33","date_gmt":"2025-10-28T17:04:33","guid":{"rendered":"https:\/\/corrientesdetarde.com\/?p=233380"},"modified":"2025-10-28T14:05:04","modified_gmt":"2025-10-28T17:05:04","slug":"el-desgarrador-testimonio-del-papu-gomez-tras-su-caso-de-doping-lloraba-todos-los-dias","status":"publish","type":"post","link":"https:\/\/corrientesdetarde.com\/index.php\/deportes\/el-desgarrador-testimonio-del-papu-gomez-tras-su-caso-de-doping-lloraba-todos-los-dias\/","title":{"rendered":"El desgarrador testimonio del Papu G\u00f3mez tras su caso de doping: \u201cLloraba todos los d\u00edas\u201d"},"content":{"rendered":"\n<p>El mediocampista campe\u00f3n del mundo iba a volver a jugar al f\u00fatbol este fin de semana, pero una lesi\u00f3n muscular lo oblig\u00f3 a postergar su regreso.<\/p>\n\n\n\n<p><strong>Alejandro \u201cPapu\u201d G\u00f3mez<\/strong>\u00a0iba a volver a jugar al f\u00fatbol en el Padova, equipo de la Serie B de Italia, tras dos a\u00f1os de inactividad debido a una suspensi\u00f3n por doping. Sin embargo, una lesi\u00f3n muscular lo oblig\u00f3 a postergar su regreso y a\u00fan no tiene una fecha concreta para regresar a las canchas.<\/p>\n\n\n\n<p>A pesar de esto, el campe\u00f3n del mundo con la Selecci\u00f3n Argentina dio una entrevista a&nbsp;<em>Sky Sports<\/em>, en la que relat\u00f3 c\u00f3mo fueron sus primeros meses entrenando solo.<\/p>\n\n\n\n<p>\u201c<strong>Al principio, durante los primeros meses, intent\u00e9 entrenar por mi cuenta, pero lloraba todos los d\u00edas porque no pod\u00eda hacerlo<\/strong>\u201d, revel\u00f3 el Papu.<\/p>\n\n\n\n<figure class=\"wp-block-image\"><img decoding=\"async\" src=\"https:\/\/tn.com.ar\/resizer\/v2\/papu-gomez-foto-igpapugomezofficial-WJSJU7FWS5FWZIN5BQQYOWXHLE.jpg?auth=f76180868a988866d90f5d4deb3d5289bdcddff38844d17608bf7420b2fa9f0c&amp;width=767\" alt=\"Papu G\u00f3mez (Foto: IG\/@papugomez_official)\"\/><\/figure>\n\n\n\n<h2 class=\"wp-block-heading\"><strong>Papu G\u00f3mez cont\u00f3 por qu\u00e9 eligi\u00f3 el Padova<\/strong><\/h2>\n\n\n\n<p>El exfutbolista de Arsenal cont\u00f3 el motivo por el que eligi\u00f3 al Padova.<strong>\u201cLa negociaci\u00f3n con el Padova dur\u00f3 3-4 d\u00edas. Ten\u00eda ofertas de Argentina y de algunos pa\u00edses \u00e1rabes, pero quer\u00eda quedarme en Europa, sobre todo en Italia<\/strong>\u201d, explic\u00f3.<\/p>\n\n\n\n<p>Y agreg\u00f3: \u201cEstoy muy emocionado por todo el afecto de la ciudad. Tengo que darle las gracias a todo el pueblo de Padova\u201d.<\/p>\n\n\n\n<figure class=\"wp-block-image\"><img decoding=\"async\" src=\"https:\/\/tn.com.ar\/resizer\/v2\/foto-padovacalcioinstagram-VFYDK3OJTNAHFKAIBS3MH64WDA.jpg?auth=86688e3e548af3416e68d70b28131878812d587487a16c9589999585fcc907e1&amp;width=767\" alt=\"(Foto: padovacalcio\/Instagram)\"\/><\/figure>\n\n\n\n<h2 class=\"wp-block-heading\"><strong>Cu\u00e1ndo termin\u00f3 la sanci\u00f3n al Papu G\u00f3mez<\/strong><\/h2>\n\n\n\n<p>La sanci\u00f3n de G\u00f3mez termin\u00f3 el pasado&nbsp;<strong>20 de octubre&nbsp;<\/strong>tras haber sido suspendido debido al consumo de&nbsp;<strong>terbutalina,&nbsp;<\/strong>una sustancia prohibida por la Agencia Mundial Antidopaje.<\/p>\n\n\n\n<p>El positivo se hab\u00eda producido en&nbsp;<strong>noviembre de 2022,&nbsp;<\/strong>apenas semanas antes de la final del Mundial de Qatar, aunque el esc\u00e1ndalo se hizo p\u00fablico reci\u00e9n en 2023.<\/p>\n","protected":false},"excerpt":{"rendered":"<p>El mediocampista campe\u00f3n del mundo iba a volver a jugar al f\u00fatbol este fin de semana, pero una lesi\u00f3n muscular lo oblig\u00f3 a postergar su regreso. Alejandro \u201cPapu\u201d G\u00f3mez\u00a0iba a&hellip; <\/p>\n","protected":false},"author":8,"featured_media":233381,"comment_status":"closed","ping_status":"open","sticky":false,"template":"","format":"standard","meta":{"footnotes":""},"categories":[4],"tags":[],"class_list":["post-233380","post","type-post","status-publish","format-standard","has-post-thumbnail","hentry","category-deportes"],"_links":{"self":[{"href":"https:\/\/corrientesdetarde.com\/index.php\/wp-json\/wp\/v2\/posts\/233380","targetHints":{"allow":["GET"]}}],"collection":[{"href":"https:\/\/corrientesdetarde.com\/index.php\/wp-json\/wp\/v2\/posts"}],"about":[{"href":"https:\/\/corrientesdetarde.com\/index.php\/wp-json\/wp\/v2\/types\/post"}],"author":[{"embeddable":true,"href":"https:\/\/corrientesdetarde.com\/index.php\/wp-json\/wp\/v2\/users\/8"}],"replies":[{"embeddable":true,"href":"https:\/\/corrientesdetarde.com\/index.php\/wp-json\/wp\/v2\/comments?post=233380"}],"version-history":[{"count":1,"href":"https:\/\/corrientesdetarde.com\/index.php\/wp-json\/wp\/v2\/posts\/233380\/revisions"}],"predecessor-version":[{"id":233382,"href":"https:\/\/corrientesdetarde.com\/index.php\/wp-json\/wp\/v2\/posts\/233380\/revisions\/233382"}],"wp:featuredmedia":[{"embeddable":true,"href":"https:\/\/corrientesdetarde.com\/index.php\/wp-json\/wp\/v2\/media\/233381"}],"wp:attachment":[{"href":"https:\/\/corrientesdetarde.com\/index.php\/wp-json\/wp\/v2\/media?parent=233380"}],"wp:term":[{"taxonomy":"category","embeddable":true,"href":"https:\/\/corrientesdetarde.com\/index.php\/wp-json\/wp\/v2\/categories?post=233380"},{"taxonomy":"post_tag","embeddable":true,"href":"https:\/\/corrientesdetarde.com\/index.php\/wp-json\/wp\/v2\/tags?post=233380"}],"curies":[{"name":"wp","href":"https:\/\/api.w.org\/{rel}","templated":true}]}}