{"id":233421,"date":"2025-10-28T15:04:42","date_gmt":"2025-10-28T18:04:42","guid":{"rendered":"https:\/\/corrientesdetarde.com\/?p=233421"},"modified":"2025-10-28T15:05:08","modified_gmt":"2025-10-28T18:05:08","slug":"santiago-sosa-fue-operado-de-su-fractura-en-la-cara-y-pasara-entre-cuatro-y-seis-semanas-sin-jugar","status":"publish","type":"post","link":"https:\/\/corrientesdetarde.com\/index.php\/deportes\/santiago-sosa-fue-operado-de-su-fractura-en-la-cara-y-pasara-entre-cuatro-y-seis-semanas-sin-jugar\/","title":{"rendered":"Santiago Sosa fue operado de su fractura en la cara y pasar\u00e1 entre cuatro y seis semanas sin jugar"},"content":{"rendered":"\n<p>El mediocampista de Racing se golpe\u00f3 con Marcos Rojo en el partido de ida ante Flamengo por las semifinales de Copa Libertadores.<\/p>\n\n\n\n<p><strong>Santiago Sosa<\/strong>, capit\u00e1n del\u00a0<strong>Racing<\/strong> Gustavo Costas,<strong>\u00a0fue operado de la fractura que sufri\u00f3 en el rostro<\/strong>\u00a0y no estar\u00e1 presente en la revancha ante Flamengo, por la Copa Libertadores. El mediocampista\u00a0<strong>se golpe\u00f3 con su compa\u00f1ero Marcos Rojo<\/strong>\u00a0en la derrota por 1-0 ante el Mengao y ahora tendr\u00e1 varias semanas de recuperaci\u00f3n.<\/p>\n\n\n\n<p>\u201cSantiago Sosa fue operado con \u00e9xito en el Sanatorio Finochietto, de su&nbsp;<strong>fractura del hueso malar derecho<\/strong>&nbsp;y permanecer\u00e1 internado hasta ma\u00f1ana. \u00a1Te estamos esperando, Santi!\u201c, fue el anuncio de la Academia en sus redes sociales.<\/p>\n\n\n\n<figure class=\"wp-block-image\"><img decoding=\"async\" src=\"https:\/\/tn.com.ar\/resizer\/v2\/la-recuperacion-del-futbolista-llevara-varias-semanas-por-lo-que-su-presencia-quedo-descartada-para-el-partido-de-manana-ante-los-brasilenos-en-el-cilindro-de-avellaneda-donde-la-academia-debera-dar-vuelta-el-resultado-para-sellar-su-pase-a-la-final-del-torneo-reuterssergio-moraes-SLULAHDB4VVNVUQUEAKPMDZJBA.jpg?auth=642aa91a0ae091aa4ba4e098b928de60a3a0183311ef4c47307c89549283a4d4&amp;width=767\" alt=\"La recuperaci\u00f3n del futbolista llevar\u00e1 varias semanas por lo que su presencia qued\u00f3 descartada para el partido de ma\u00f1ana ante los brasile\u00f1os, en el Cilindro de Avellaneda, donde la Academia deber\u00e1 dar vuelta el resultado para sellar su pase a la final del torneo. (REUTERS\/Sergio Moraes)\"\/><\/figure>\n\n\n\n<p><strong>La recuperaci\u00f3n del futbolista llevar\u00e1 varias semanas por lo que su presencia qued\u00f3 descartada para el partido de ma\u00f1ana<\/strong>&nbsp;ante los brasile\u00f1os, en el Cilindro de Avellaneda, donde la Academia deber\u00e1 dar vuelta el resultado para sellar su pase a la final del torneo.<\/p>\n\n\n\n<p>Si bien en un principio exist\u00eda la posibilidad de que Sosa dispute dicho encuentro con protecci\u00f3n en la zona afectada, finalmente el cuerpo t\u00e9cnico y m\u00e9dico de Racing&nbsp;<strong>determinaron que no era lo m\u00e1s recomendable ya que pod\u00eda comprometer su visi\u00f3n.<\/strong><\/p>\n\n\n\n<figure class=\"wp-block-image\"><img decoding=\"async\" src=\"https:\/\/tn.com.ar\/resizer\/v2\/se-estima-que-sosa-este-entre-cuatro-y-seis-semanas-de-baja-por-lo-que-no-es-seguro-que-en-caso-de-que-racing-llegue-a-la-final-de-la-copa-libertadores-pueda-participar-de-dicho-encuentro-ademas-se-perdera-los-partidos-que-restan-en-el-torneo-clausura-central-cordoba-defensa-y-newell-s-y-el-comienzo-de-los-playofffoto-reutersricardo-moraes-3BAST6B6HJHCJKDTTE2O3ZQQPE.jpg?auth=8c74e22f5c10cf1e5e454fbec4b3f6de3a3582629aca1c94f3f069257a0255bd&amp;width=767\" alt=\"Se estima que Sosa est\u00e9 entre cuatro y seis semanas de baja por lo que no es seguro que, en caso de que Racing llegue a la final de la Copa Libertadores, pueda participar de dicho encuentro. Adem\u00e1s, se perder\u00e1 los partidos que restan en el Torneo Clausura (Central C\u00f3rdoba, Defensa y Newell\u00b4s) y el comienzo de los playoff.(Foto: REUTERS\/Ricardo Moraes).\"\/><\/figure>\n\n\n\n<p><strong>Se estima que Sosa est\u00e9 entre cuatro y seis semanas de baja&nbsp;<\/strong>por lo que no es seguro que, en caso de que Racing llegue a la final de la Copa Libertadores, pueda participar de dicho encuentro. Adem\u00e1s,&nbsp;<strong>se perder\u00e1 los partidos que restan en el Torneo Clausura (Central C\u00f3rdoba, Defensa y Newell\u00b4s) y el comienzo de los playoff.<\/strong><\/p>\n\n\n\n<p>En tanto, Costas deber\u00e1 determinar al reemplazante del surgido en River y definir si jugar\u00e1 con tres centrales o si sumar\u00e1 un futbolista al mediocampo. Si se decanta por la primera opci\u00f3n, quien aparecer\u00eda como favorito para completar la zaga ser\u00eda&nbsp;<strong>Marco Di Cesare<\/strong>, mientras que en el centro del campo las variantes ser\u00edan&nbsp;<strong>Juan Nardoni o Mat\u00edas Zaracho<\/strong>.<\/p>\n","protected":false},"excerpt":{"rendered":"<p>El mediocampista de Racing se golpe\u00f3 con Marcos Rojo en el partido de ida ante Flamengo por las semifinales de Copa Libertadores. Santiago Sosa, capit\u00e1n del\u00a0Racing Gustavo Costas,\u00a0fue operado de&hellip; <\/p>\n","protected":false},"author":8,"featured_media":233422,"comment_status":"closed","ping_status":"open","sticky":false,"template":"","format":"standard","meta":{"footnotes":""},"categories":[4],"tags":[],"class_list":["post-233421","post","type-post","status-publish","format-standard","has-post-thumbnail","hentry","category-deportes"],"_links":{"self":[{"href":"https:\/\/corrientesdetarde.com\/index.php\/wp-json\/wp\/v2\/posts\/233421","targetHints":{"allow":["GET"]}}],"collection":[{"href":"https:\/\/corrientesdetarde.com\/index.php\/wp-json\/wp\/v2\/posts"}],"about":[{"href":"https:\/\/corrientesdetarde.com\/index.php\/wp-json\/wp\/v2\/types\/post"}],"author":[{"embeddable":true,"href":"https:\/\/corrientesdetarde.com\/index.php\/wp-json\/wp\/v2\/users\/8"}],"replies":[{"embeddable":true,"href":"https:\/\/corrientesdetarde.com\/index.php\/wp-json\/wp\/v2\/comments?post=233421"}],"version-history":[{"count":1,"href":"https:\/\/corrientesdetarde.com\/index.php\/wp-json\/wp\/v2\/posts\/233421\/revisions"}],"predecessor-version":[{"id":233423,"href":"https:\/\/corrientesdetarde.com\/index.php\/wp-json\/wp\/v2\/posts\/233421\/revisions\/233423"}],"wp:featuredmedia":[{"embeddable":true,"href":"https:\/\/corrientesdetarde.com\/index.php\/wp-json\/wp\/v2\/media\/233422"}],"wp:attachment":[{"href":"https:\/\/corrientesdetarde.com\/index.php\/wp-json\/wp\/v2\/media?parent=233421"}],"wp:term":[{"taxonomy":"category","embeddable":true,"href":"https:\/\/corrientesdetarde.com\/index.php\/wp-json\/wp\/v2\/categories?post=233421"},{"taxonomy":"post_tag","embeddable":true,"href":"https:\/\/corrientesdetarde.com\/index.php\/wp-json\/wp\/v2\/tags?post=233421"}],"curies":[{"name":"wp","href":"https:\/\/api.w.org\/{rel}","templated":true}]}}