{"id":233592,"date":"2025-10-29T15:32:03","date_gmt":"2025-10-29T18:32:03","guid":{"rendered":"https:\/\/corrientesdetarde.com\/?p=233592"},"modified":"2025-10-29T15:32:35","modified_gmt":"2025-10-29T18:32:35","slug":"anne-hathaway-causo-impacto-con-un-vestido-vintage-rojo-valentino-en-una-gala-en-nueva-york","status":"publish","type":"post","link":"https:\/\/corrientesdetarde.com\/index.php\/tendencias\/anne-hathaway-causo-impacto-con-un-vestido-vintage-rojo-valentino-en-una-gala-en-nueva-york\/","title":{"rendered":"Anne Hathaway caus\u00f3 impacto con un vestido vintage rojo Valentino en una gala en Nueva York"},"content":{"rendered":"\n<p>Sorprendi\u00f3 en el evento de la revista WWD con un modelo encorsetado de la colecci\u00f3n 2003\/2004 de la ic\u00f3nica marca italiana.<\/p>\n\n\n\n<p>Musa de prestigiosas firmas de lujo, numerosas veces tapa de revistas internacionales e \u00edcono en cada alfombra roja que pisa,\u00a0<strong>Anne Hathaway<\/strong>\u00a0acaba de volver a validar sut\u00edtulo como reina de la moda en un reciente evento celebrado en Nueva York.<\/p>\n\n\n\n<p>La actriz, que tiene a sus fan\u00e1ticos expectantes por los estrenos de las secuelas de<em>&nbsp;El Diario de la Princes III&nbsp;<\/em>y<em>&nbsp;El Diablo se Viste a la Moda 2<\/em>, asisti\u00f3 a la celebraci\u00f3n por los&nbsp;<strong>115 a\u00f1os de la revista de moda&nbsp;<\/strong><em><strong>WWD<\/strong><\/em>&nbsp;(<em>Women\u2019s Wear Daily)<\/em>&nbsp;y acapar\u00f3 los&nbsp;<em>flashes<\/em>&nbsp;con su estilismo, a cargo de la asesora de imagen&nbsp;<strong>Erin Walsh.<\/strong><\/p>\n\n\n\n<figure class=\"wp-block-image\"><img decoding=\"async\" src=\"https:\/\/tn.com.ar\/resizer\/v2\/anne-hathaway-con-un-vestido-de-archivo-de-valentino-foto-efeepasarah-yenesel-R74G3LALSZE25EB24SHBIFVZ5I.JPG?auth=56c2fed112ecdbeaf872d1ed0ffa05f5713fcc96672f59295beba64bf938c5b2&amp;width=767\" alt=\"Anne Hathaway con un vestido de archivo de Valentino. (Foto: EFE\/EPA\/SARAH YENESEL)\"\/><\/figure>\n\n\n\n<p>La estrella de Hollywood, encargada de entregar el premio John B. Fairchild a&nbsp;<strong>Valentino Garavani y Giancarlo Giammetti<\/strong>,en reconocimiento a sus 65 a\u00f1os de trayectoria,llev\u00f3 un<strong>&nbsp;vestido de archivo de la Maison Valentino<\/strong>, perteneciente a la colecci\u00f3n alta costura&nbsp;<strong>oto\u00f1o-invierno 2003\/2004<\/strong>.<\/p>\n\n\n\n<p>El modelo,&nbsp;<strong>rojo Valentino<\/strong>&nbsp;-tono que compite con el rojo Ferrari y el rojo Loboutin- fue&nbsp;<strong>originalmente lucido por Karolina Kurkova en Par\u00eds.&nbsp;<\/strong>Encorsetado y con breteles finos con&nbsp;<strong>mo\u00f1os<\/strong>, se destaca por las capas de gasa de seda que le dan a la falda volumen y movimiento.<\/p>\n\n\n\n<figure class=\"wp-block-image\"><img decoding=\"async\" src=\"https:\/\/tn.com.ar\/resizer\/v2\/anne-hathaway-de-rojo-en-el-evento-de-wwd-foto-cj-riverainvisionap-3HPBUGX2YVAHTBLJNETILY6LLU.JPG?auth=5d7d7847689d71ac126e5ad5c9952db841c7d6a6d8e5627f54530455f3c43da0&amp;width=767\" alt=\"Anne Hathaway de rojo en el evento de WWD. (Foto: CJ Rivera\/Invision\/AP)\"\/><\/figure>\n\n\n\n<p>Con stilettos rojos, el estilismo se complet\u00f3 con discreta joyer\u00eda, el pelo&nbsp;<strong>semirecogido con volumen&nbsp;<\/strong>y un maquillaje sobrio en tonos neutros con la piel&nbsp;<em>glowy<\/em>, mascara de pesta\u00f1as, delineado fino, rubor, donde resaltaban los<strong>&nbsp;labios rojos<\/strong>, a juego con el vestuario.<\/p>\n\n\n\n<figure class=\"wp-block-image\"><img decoding=\"async\" src=\"https:\/\/tn.com.ar\/resizer\/v2\/anne-hathaway-combino-su-vestuario-con-un-peinado-semirecogido-y-maquillaje-en-tonos-neutros-foto-efeepasarah-yenesel-FOOPW2EDTBA3DOCYKGDBTYPXR4.JPG?auth=bfc6e98bfef726cf6c1cd5e5c334be1ec4d4ba9ca615345b701ff1b73966caa8&amp;width=767\" alt=\"Anne Hathaway combin\u00f3 su vestuario con un peinado semirecogido y maquillaje en tonos neutros. (Foto: EFE\/EPA\/SARAH YENESEL)\"\/><\/figure>\n\n\n\n<h2 class=\"wp-block-heading\">Los ic\u00f3nicos vestidos rojos de Valentino<\/h2>\n\n\n\n<p>No hay muchas cosas tan ic\u00f3nicas en la moda como un vestido rojo Valentino. El dise\u00f1ador incluy\u00f3 al menos<strong>&nbsp;un vestido rojo en cada una de sus colecciones desde su debut en 1959.<\/strong>&nbsp;Se despidi\u00f3 en enero de 2008 con un desfile final de modelos<strong>&nbsp;vestidas completamente de rojo<\/strong>&nbsp;para el desfile de Alta Costura de primavera de 2008.<\/p>\n\n\n\n<figure class=\"wp-block-image\"><img decoding=\"async\" src=\"https:\/\/tn.com.ar\/resizer\/v2\/valentino-se-retiro-en-2008-rodeado-de-rojo-foto-francois-guillot-afp-IWXGQDZLNJCKRDOK34UNNJTJIY.jpg?auth=3a1604f1e66b18fe36e248c28b3fb1bc600ba2403d239ade5811729f985d99d8&amp;width=767\" alt=\"Valentino se retir\u00f3 en 2008 rodeado de rojo (Foto: FRANCOIS GUILLOT \/ AFP)\"\/><\/figure>\n\n\n\n<p>Anne, muy cercana al dise\u00f1ador, suele usar sus modelos en las alfombra rojas y no es la primera vez que elige el ic\u00f3nico rojo de la mansi\u00f3n para una gala especial.<\/p>\n\n\n\n<p>En la entrega de los<strong>&nbsp;Oscar 2011<\/strong>, rein\u00f3 en la alfombra roja del brazo de Valentino con un vestido strapless de la colecci\u00f3n de alta Costura 2002.<\/p>\n\n\n\n<figure class=\"wp-block-image\"><img decoding=\"async\" src=\"https:\/\/tn.com.ar\/resizer\/v2\/anne-hathaway-y-valentino-en-la-alfombra-roja-de-los-oscar-2011-foto-getty-images-via-afp-TWVII6OSHJEIRALZBSECIS2MMM.jpg?auth=46437ec7f2ae935a9965fc9c12283993717cf8f04ea2d7628e8ef5732de77958&amp;width=767\" alt=\"Anne Hathaway y Valentino en la alfombra roja de los Oscar 2011 (Foto: Getty Images via AFP)\"\/><\/figure>\n\n\n\n<p>Para la recordada<strong>&nbsp;Met Gala de 2018<\/strong>, con tem\u00e1tica \u201cCuerpos celestiales, la moda y la imaginaci\u00f3n cat\u00f3lica\u201d, Hattaway tambi\u00e9n eligi\u00f3 un rojo Valentino, en este caso un<strong>&nbsp;voluminoso dise\u00f1o de la Maison&nbsp;<\/strong>que complet\u00f3 con una corona de espinas doradas.<\/p>\n\n\n\n<figure class=\"wp-block-image\"><img decoding=\"async\" src=\"https:\/\/tn.com.ar\/resizer\/v2\/anne-hathaway-en-la-met-gala-2018-foto-angela-weiss-afp-7PIABCYAYZCKVMCKGUO5F7ZQWM.jpg?auth=afaa47ed14a35cef58d381d38af47faf0f69581dce8f898a74718716f9c0f312&amp;width=767\" alt=\"Anne Hathaway en la MET Gala 2018 (Foto: ANGELA WEISS \/ AFP)\"\/><\/figure>\n\n\n\n<p>El v\u00ednculo entre Hathaway y Valentino vuelve a sellarse con un gesto de elegancia y respeto por la tradici\u00f3n. Ella encarna, quiz\u00e1s mejor que nadie, el esp\u00edritu eterno de la maison:&nbsp;<strong>sofisticaci\u00f3n, fuerza y un romanticismo que nunca pasa de moda.<\/strong><\/p>\n","protected":false},"excerpt":{"rendered":"<p>Sorprendi\u00f3 en el evento de la revista WWD con un modelo encorsetado de la colecci\u00f3n 2003\/2004 de la ic\u00f3nica marca italiana. Musa de prestigiosas firmas de lujo, numerosas veces tapa&hellip; <\/p>\n","protected":false},"author":8,"featured_media":233593,"comment_status":"closed","ping_status":"open","sticky":false,"template":"","format":"standard","meta":{"footnotes":""},"categories":[28],"tags":[],"class_list":["post-233592","post","type-post","status-publish","format-standard","has-post-thumbnail","hentry","category-tendencias"],"_links":{"self":[{"href":"https:\/\/corrientesdetarde.com\/index.php\/wp-json\/wp\/v2\/posts\/233592","targetHints":{"allow":["GET"]}}],"collection":[{"href":"https:\/\/corrientesdetarde.com\/index.php\/wp-json\/wp\/v2\/posts"}],"about":[{"href":"https:\/\/corrientesdetarde.com\/index.php\/wp-json\/wp\/v2\/types\/post"}],"author":[{"embeddable":true,"href":"https:\/\/corrientesdetarde.com\/index.php\/wp-json\/wp\/v2\/users\/8"}],"replies":[{"embeddable":true,"href":"https:\/\/corrientesdetarde.com\/index.php\/wp-json\/wp\/v2\/comments?post=233592"}],"version-history":[{"count":1,"href":"https:\/\/corrientesdetarde.com\/index.php\/wp-json\/wp\/v2\/posts\/233592\/revisions"}],"predecessor-version":[{"id":233594,"href":"https:\/\/corrientesdetarde.com\/index.php\/wp-json\/wp\/v2\/posts\/233592\/revisions\/233594"}],"wp:featuredmedia":[{"embeddable":true,"href":"https:\/\/corrientesdetarde.com\/index.php\/wp-json\/wp\/v2\/media\/233593"}],"wp:attachment":[{"href":"https:\/\/corrientesdetarde.com\/index.php\/wp-json\/wp\/v2\/media?parent=233592"}],"wp:term":[{"taxonomy":"category","embeddable":true,"href":"https:\/\/corrientesdetarde.com\/index.php\/wp-json\/wp\/v2\/categories?post=233592"},{"taxonomy":"post_tag","embeddable":true,"href":"https:\/\/corrientesdetarde.com\/index.php\/wp-json\/wp\/v2\/tags?post=233592"}],"curies":[{"name":"wp","href":"https:\/\/api.w.org\/{rel}","templated":true}]}}