{"id":23372,"date":"2022-11-28T09:16:25","date_gmt":"2022-11-28T12:16:25","guid":{"rendered":"https:\/\/corrientesdetarde.com\/?p=23372"},"modified":"2022-11-28T09:16:29","modified_gmt":"2022-11-28T12:16:29","slug":"partidazo-serbia-ganaba-3-a-1-y-camerun-lo-empato-en-tres-minutos","status":"publish","type":"post","link":"https:\/\/corrientesdetarde.com\/index.php\/deportes\/partidazo-serbia-ganaba-3-a-1-y-camerun-lo-empato-en-tres-minutos\/","title":{"rendered":"Partidazo: Serbia ganaba 3 a 1 y Camer\u00fan lo empat\u00f3 en tres minutos"},"content":{"rendered":"\n<p>Camer\u00fan abri\u00f3 el marcador a los 28&#8242; de la primera mitad. Los europeos reaccionaron y en los tres minutos de adici\u00f3n del primer tiempo lo dieron vuelta y se fueron al entretiempo ganando 2-1 ante los africanos. A los 7&#8242; del segundo tiempo lleg\u00f3 el 3 a 1 de Serbia. A los &#8217;18, descont\u00f3 Camer\u00fan y a los 20&#8242; lleg\u00f3 el empate.<\/p>\n\n\n\n<p>Serbia era m\u00e1s, pero Camer\u00fan logr\u00f3 romper el cero desde un c\u00f3rner y le ganaba 1-0 un partido sin margen de error en el Al Janoub Stadium. En tiempo cumplido de la primera mitad los europeos lograron poner el 1-1 y dos minutos m\u00e1s tarde lo dieron vuelta.<\/p>\n\n\n\n<figure class=\"wp-block-embed is-type-rich is-provider-twitter wp-block-embed-twitter\"><div class=\"wp-block-embed__wrapper\">\n<blockquote class=\"twitter-tweet\" data-width=\"550\" data-dnt=\"true\"><p lang=\"es\" dir=\"ltr\">\u00a1GOL DE CAMER\u00daN! <br><br>Jean-Charles Castelletto puso el 1 a 0 frente a Serbia a los 28 minutos del primer tiempo.<a href=\"https:\/\/twitter.com\/hashtag\/TyCSportsMundial?src=hash&amp;ref_src=twsrc%5Etfw\">#TyCSportsMundial<\/a> <a href=\"https:\/\/t.co\/GYo2unwVuy\">pic.twitter.com\/GYo2unwVuy<\/a><\/p>&mdash; TyC Sports (@TyCSports) <a href=\"https:\/\/twitter.com\/TyCSports\/status\/1597176756925976576?ref_src=twsrc%5Etfw\">November 28, 2022<\/a><\/blockquote><script async src=\"https:\/\/platform.twitter.com\/widgets.js\" charset=\"utf-8\"><\/script>\n<\/div><\/figure>\n\n\n\n<figure class=\"wp-block-embed is-type-rich is-provider-twitter wp-block-embed-twitter\"><div class=\"wp-block-embed__wrapper\">\n<blockquote class=\"twitter-tweet\" data-width=\"550\" data-dnt=\"true\"><p lang=\"es\" dir=\"ltr\">\u00a1LO EMPAT\u00d3 SERBIA!<br><br>Pavlovic puso el 1 a 1 ante Camer\u00fan a los 46 minutos de la primera parte.<a href=\"https:\/\/twitter.com\/hashtag\/TyCSportsMundial?src=hash&amp;ref_src=twsrc%5Etfw\">#TyCSportsMundial<\/a> <a href=\"https:\/\/t.co\/lVnvO9St83\">pic.twitter.com\/lVnvO9St83<\/a><\/p>&mdash; TyC Sports (@TyCSports) <a href=\"https:\/\/twitter.com\/TyCSports\/status\/1597181154339459072?ref_src=twsrc%5Etfw\">November 28, 2022<\/a><\/blockquote><script async src=\"https:\/\/platform.twitter.com\/widgets.js\" charset=\"utf-8\"><\/script>\n<\/div><\/figure>\n\n\n\n<figure class=\"wp-block-embed is-type-rich is-provider-twitter wp-block-embed-twitter\"><div class=\"wp-block-embed__wrapper\">\n<blockquote class=\"twitter-tweet\" data-width=\"550\" data-dnt=\"true\"><p lang=\"es\" dir=\"ltr\">\u00a1OTRO GOL DE SERBIA! \u00a1LO DIO VUELTA EN DOS MINUTOS! Milinkovic-Savic meti\u00f3 el 2-1 ante Camer\u00fan, en el cierre del primer tiempo.<a href=\"https:\/\/twitter.com\/hashtag\/TyCSportsMundial?src=hash&amp;ref_src=twsrc%5Etfw\">#TyCSportsMundial<\/a> <a href=\"https:\/\/t.co\/n92WQgO5WG\">pic.twitter.com\/n92WQgO5WG<\/a><\/p>&mdash; TyC Sports (@TyCSports) <a href=\"https:\/\/twitter.com\/TyCSports\/status\/1597181570829324289?ref_src=twsrc%5Etfw\">November 28, 2022<\/a><\/blockquote><script async src=\"https:\/\/platform.twitter.com\/widgets.js\" charset=\"utf-8\"><\/script>\n<\/div><\/figure>\n\n\n\n<p>A los 7&#8242; del segundo tiempo, Serbia estir\u00f3 la victoria con tanto convertido por Aleksandar Mitrovic tras una gran jugada colectiva. A los 18&#8242; lleg\u00f3 el segundo tanto para Camer\u00fan, que se defini\u00f3 con suspenso debido al an\u00e1lisis del VAR por posible fuera de juego.<\/p>\n\n\n\n<figure class=\"wp-block-embed is-type-rich is-provider-twitter wp-block-embed-twitter\"><div class=\"wp-block-embed__wrapper\">\n<blockquote class=\"twitter-tweet\" data-width=\"550\" data-dnt=\"true\"><p lang=\"es\" dir=\"ltr\">\u00a1GOLAZO DE SERBIA!<br><br>Mitrovic estamp\u00f3 el 3 a 1 ante Camer\u00fan tras una gran jugada colectiva.<a href=\"https:\/\/twitter.com\/hashtag\/TyCSportsMundial?src=hash&amp;ref_src=twsrc%5Etfw\">#TyCSportsMundial<\/a> <a href=\"https:\/\/t.co\/HempVa3ci3\">pic.twitter.com\/HempVa3ci3<\/a><\/p>&mdash; TyC Sports (@TyCSports) <a href=\"https:\/\/twitter.com\/TyCSports\/status\/1597188629176102914?ref_src=twsrc%5Etfw\">November 28, 2022<\/a><\/blockquote><script async src=\"https:\/\/platform.twitter.com\/widgets.js\" charset=\"utf-8\"><\/script>\n<\/div><\/figure>\n\n\n\n<figure class=\"wp-block-embed is-type-rich is-provider-twitter wp-block-embed-twitter\"><div class=\"wp-block-embed__wrapper\">\n<blockquote class=\"twitter-tweet\" data-width=\"550\" data-dnt=\"true\"><p lang=\"es\" dir=\"ltr\">\u00a1DESCUENTO DE CAMER\u00daN! <br><br>Aboubakar marc\u00f3 el segundo gol de los africanos ante Serbia.<a href=\"https:\/\/twitter.com\/hashtag\/TyCSportsMundial?src=hash&amp;ref_src=twsrc%5Etfw\">#TyCSportsMundial<\/a> <a href=\"https:\/\/t.co\/prhM7Ue8o5\">pic.twitter.com\/prhM7Ue8o5<\/a><\/p>&mdash; TyC Sports (@TyCSports) <a href=\"https:\/\/twitter.com\/TyCSports\/status\/1597191505487069189?ref_src=twsrc%5Etfw\">November 28, 2022<\/a><\/blockquote><script async src=\"https:\/\/platform.twitter.com\/widgets.js\" charset=\"utf-8\"><\/script>\n<\/div><\/figure>\n\n\n\n<p>A los 20&#8242; lleg\u00f3 el empate: Jean Eric Maxim Choupo-Moting fue el encargado del 3 a 3, luego de una jugada r\u00e1pida que naci\u00f3 en campo de Serbia.<\/p>\n\n\n\n<figure class=\"wp-block-embed is-type-rich is-provider-twitter wp-block-embed-twitter\"><div class=\"wp-block-embed__wrapper\">\n<blockquote class=\"twitter-tweet\" data-width=\"550\" data-dnt=\"true\"><p lang=\"es\" dir=\"ltr\">\u00a1OTRO GOL DE CAMER\u00daN! \u00a1PARTIDAZO! Perd\u00eda 3-1 y en TRES MINUTOS empat\u00f3 el encuentro ante Serbia. As\u00ed Choupo-Moting marc\u00f3 la igualdad.<a href=\"https:\/\/twitter.com\/hashtag\/TyCSportsMundial?src=hash&amp;ref_src=twsrc%5Etfw\">#TyCSportsMundial<\/a> <a href=\"https:\/\/t.co\/AdMpBdXxqQ\">pic.twitter.com\/AdMpBdXxqQ<\/a><\/p>&mdash; TyC Sports (@TyCSports) <a href=\"https:\/\/twitter.com\/TyCSports\/status\/1597191982039805952?ref_src=twsrc%5Etfw\">November 28, 2022<\/a><\/blockquote><script async src=\"https:\/\/platform.twitter.com\/widgets.js\" charset=\"utf-8\"><\/script>\n<\/div><\/figure>\n\n\n\n<p>Tras este empate, el grupo es liderado por Brasil (3 puntos) y Suiza (3 puntos), seguidos por Camer\u00fan y Serbia con 1 punto cada uno. Para acceder a la clasificaci\u00f3n, los dos \u00faltimos deber\u00e1n ganar en la \u00faltima fecha.<\/p>\n","protected":false},"excerpt":{"rendered":"<p>Camer\u00fan abri\u00f3 el marcador a los 28&#8242; de la primera mitad. Los europeos reaccionaron y en los tres minutos de adici\u00f3n del primer tiempo lo dieron vuelta y se fueron&hellip; <\/p>\n","protected":false},"author":4,"featured_media":23373,"comment_status":"closed","ping_status":"open","sticky":false,"template":"","format":"standard","meta":{"footnotes":""},"categories":[4],"tags":[],"class_list":["post-23372","post","type-post","status-publish","format-standard","has-post-thumbnail","hentry","category-deportes"],"_links":{"self":[{"href":"https:\/\/corrientesdetarde.com\/index.php\/wp-json\/wp\/v2\/posts\/23372","targetHints":{"allow":["GET"]}}],"collection":[{"href":"https:\/\/corrientesdetarde.com\/index.php\/wp-json\/wp\/v2\/posts"}],"about":[{"href":"https:\/\/corrientesdetarde.com\/index.php\/wp-json\/wp\/v2\/types\/post"}],"author":[{"embeddable":true,"href":"https:\/\/corrientesdetarde.com\/index.php\/wp-json\/wp\/v2\/users\/4"}],"replies":[{"embeddable":true,"href":"https:\/\/corrientesdetarde.com\/index.php\/wp-json\/wp\/v2\/comments?post=23372"}],"version-history":[{"count":1,"href":"https:\/\/corrientesdetarde.com\/index.php\/wp-json\/wp\/v2\/posts\/23372\/revisions"}],"predecessor-version":[{"id":23374,"href":"https:\/\/corrientesdetarde.com\/index.php\/wp-json\/wp\/v2\/posts\/23372\/revisions\/23374"}],"wp:featuredmedia":[{"embeddable":true,"href":"https:\/\/corrientesdetarde.com\/index.php\/wp-json\/wp\/v2\/media\/23373"}],"wp:attachment":[{"href":"https:\/\/corrientesdetarde.com\/index.php\/wp-json\/wp\/v2\/media?parent=23372"}],"wp:term":[{"taxonomy":"category","embeddable":true,"href":"https:\/\/corrientesdetarde.com\/index.php\/wp-json\/wp\/v2\/categories?post=23372"},{"taxonomy":"post_tag","embeddable":true,"href":"https:\/\/corrientesdetarde.com\/index.php\/wp-json\/wp\/v2\/tags?post=23372"}],"curies":[{"name":"wp","href":"https:\/\/api.w.org\/{rel}","templated":true}]}}