{"id":23377,"date":"2022-11-28T09:26:34","date_gmt":"2022-11-28T12:26:34","guid":{"rendered":"https:\/\/corrientesdetarde.com\/?p=23377"},"modified":"2022-11-28T09:26:37","modified_gmt":"2022-11-28T12:26:37","slug":"mas-de-un-centenar-de-competidores-en-el-festival-a-bailar-chamame","status":"publish","type":"post","link":"https:\/\/corrientesdetarde.com\/index.php\/cultura\/mas-de-un-centenar-de-competidores-en-el-festival-a-bailar-chamame\/","title":{"rendered":"M\u00e1s de un centenar de competidores en el festival \u201cA bailar chamam\u00e9&#8221;"},"content":{"rendered":"\n<p>La competencia comenz\u00f3 el s\u00e1bado y se extendi\u00f3 hasta ayer en el Paseo Iber\u00e1 (explanada bajo el puente Manuel Belgrano). Tambi\u00e9n hubo decenas de propuestas gastron\u00f3micas y productos artesanales.\u00a0\u00a0<\/p>\n\n\n\n<p>Bailarines de distintas categor\u00edas participaron este fin de semana de la tercera edici\u00f3n del festival \u201cA bailar chamam\u00e9\u201d organizado por la Municipalidad de Corrientes. El certamen tuvo lugar el s\u00e1bado y el domingo desde las 18 en el Paseo Iber\u00e1 (explanada bajo el puente General Manuel Belgrano). En el lugar hubo, adem\u00e1s, decenas de propuestas gastron\u00f3micas y artesan\u00edas.&nbsp;<\/p>\n\n\n\n<p>La tercera edici\u00f3n del festival de chamam\u00e9 bailable \u201cA bailar chamam\u00e9\u201d comenz\u00f3 el s\u00e1bado con una excelente convocatoria. M\u00e1s de 100 participantes se acercaron a mostrar c\u00f3mo se baila un chamam\u00e9, un valseado y un rasguido doble. La competencia continu\u00f3 ayer y cont\u00f3 con la actuaci\u00f3n de destacados grupos chamameceros. &nbsp;<\/p>\n\n\n\n<p>El secretario de Cultura y Educaci\u00f3n de la Municipalidad de Corrientes, Jos\u00e9 Sand, dijo: \u201cLa verdad que llevamos adelante este festival que se ha convertido en la bailanta chamamecera m\u00e1s grande del pa\u00eds con much\u00edsimos inscriptos, con lo cual logramos un espacio y una revalorizaci\u00f3n para todos los artistas y bailarines de nuestra m\u00fasica\u201d, y asegur\u00f3 que el Municipio va a sostener esta actividad. &nbsp;<\/p>\n\n\n\n<p>Vale se\u00f1alar que el certamen \u201cA bailar Chamam\u00e9\u201d valora la versatilidad de los participantes al momento de bailar.&nbsp;<\/p>\n\n\n\n<p>En la primera jornada se hicieron rondas generales. El jurado evalu\u00f3 y seleccion\u00f3 a las parejas que compitieron ayer durante la \u00faltima jornada del certamen, que cont\u00f3 con m\u00fasica en vivo. &nbsp;<\/p>\n\n\n\n<p>Chamameceros&nbsp;<\/p>\n\n\n\n<p>La m\u00fasica chamamecera tambi\u00e9n fue protagonista en este festival, con una importante programaci\u00f3n art\u00edstica. Entre los conjuntos que subieron al escenario estuvieron Los Amarilla, Agust\u00edn Duarte, Nacho Acevedo, Los nuevos vecinos, Los Sheridan, Sue\u00f1o Correntino, Vicky S\u00e1nchez, La Princesita del Chamam\u00e9, Los Tiradores del Chamam\u00e9, Bianca Almir\u00f3n, Carlitos Zacar\u00edas y su banda, Vicente Franco y sus criollos, Grupo Itat\u00ed, Los caminantes del Gaucho Gil, Cachito Gonz\u00e1lez y sus nuevos reyes, Jos\u00e9 \u00c1lvarez grupo, Tallar\u00edn y sus espuelas del Litoral.&nbsp;<\/p>\n\n\n\n<p>Tambi\u00e9n actuaron Los correntinos, Ulises Ver\u00f3n, Martincito Cuenca, Los Kara\u00ed del Chamam\u00e9, Agust\u00edn Borda y su fusi\u00f3n chamamecera, Ariel Gauna y su nueva propuesta, Braian Acevedo y su conjunto, el gringo Agust\u00edn Acu\u00f1a, Edgar Barrios, El legado rom\u00e1ntico, Los amigos de Concepci\u00f3n, Ver\u00f3n-Palacios, D\u00fao Barrios Acevedo, Manuel Cruz y su cuarteto Estampas Correntinas, &nbsp;Coquimarola y su conjunto, La Pilarcita, Emiliano Cardozo y los Cardocitos, Canta Chaco, Los hijos de los Barrios, Oro puro, \u00c1ngel Piciochi, Conjunto San Antonio, &nbsp;Los vecinos, Los \u00c1ngeles rom\u00e1nticos, Los criollos de Corrientes.&nbsp;<\/p>\n","protected":false},"excerpt":{"rendered":"<p>La competencia comenz\u00f3 el s\u00e1bado y se extendi\u00f3 hasta ayer en el Paseo Iber\u00e1 (explanada bajo el puente Manuel Belgrano). Tambi\u00e9n hubo decenas de propuestas gastron\u00f3micas y productos artesanales.\u00a0\u00a0 Bailarines&hellip; <\/p>\n","protected":false},"author":4,"featured_media":23378,"comment_status":"closed","ping_status":"open","sticky":false,"template":"","format":"standard","meta":{"footnotes":""},"categories":[15],"tags":[],"class_list":["post-23377","post","type-post","status-publish","format-standard","has-post-thumbnail","hentry","category-cultura"],"_links":{"self":[{"href":"https:\/\/corrientesdetarde.com\/index.php\/wp-json\/wp\/v2\/posts\/23377","targetHints":{"allow":["GET"]}}],"collection":[{"href":"https:\/\/corrientesdetarde.com\/index.php\/wp-json\/wp\/v2\/posts"}],"about":[{"href":"https:\/\/corrientesdetarde.com\/index.php\/wp-json\/wp\/v2\/types\/post"}],"author":[{"embeddable":true,"href":"https:\/\/corrientesdetarde.com\/index.php\/wp-json\/wp\/v2\/users\/4"}],"replies":[{"embeddable":true,"href":"https:\/\/corrientesdetarde.com\/index.php\/wp-json\/wp\/v2\/comments?post=23377"}],"version-history":[{"count":1,"href":"https:\/\/corrientesdetarde.com\/index.php\/wp-json\/wp\/v2\/posts\/23377\/revisions"}],"predecessor-version":[{"id":23379,"href":"https:\/\/corrientesdetarde.com\/index.php\/wp-json\/wp\/v2\/posts\/23377\/revisions\/23379"}],"wp:featuredmedia":[{"embeddable":true,"href":"https:\/\/corrientesdetarde.com\/index.php\/wp-json\/wp\/v2\/media\/23378"}],"wp:attachment":[{"href":"https:\/\/corrientesdetarde.com\/index.php\/wp-json\/wp\/v2\/media?parent=23377"}],"wp:term":[{"taxonomy":"category","embeddable":true,"href":"https:\/\/corrientesdetarde.com\/index.php\/wp-json\/wp\/v2\/categories?post=23377"},{"taxonomy":"post_tag","embeddable":true,"href":"https:\/\/corrientesdetarde.com\/index.php\/wp-json\/wp\/v2\/tags?post=23377"}],"curies":[{"name":"wp","href":"https:\/\/api.w.org\/{rel}","templated":true}]}}