{"id":233871,"date":"2025-10-31T08:03:00","date_gmt":"2025-10-31T11:03:00","guid":{"rendered":"https:\/\/corrientesdetarde.com\/?p=233871"},"modified":"2025-10-31T08:03:31","modified_gmt":"2025-10-31T11:03:31","slug":"la-unidad-convocara-una-licitacion-para-locales-comerciales-y-culturales","status":"publish","type":"post","link":"https:\/\/corrientesdetarde.com\/index.php\/locales\/la-unidad-convocara-una-licitacion-para-locales-comerciales-y-culturales\/","title":{"rendered":"La Unidad convocar\u00e1 una licitaci\u00f3n para locales comerciales y culturales"},"content":{"rendered":"\n<p>Artesanos y peque\u00f1as empresas gastron\u00f3micas ser\u00e1n los principales beneficiados de esta convocatoria. Los costos del pliego son de $50.000 y los c\u00e1nones mensuales rondar\u00e1n los $100.000.<\/p>\n\n\n\n<p>El coordinador del proyecto La Unidad, Alfredo Vara, brind\u00f3 detalles sobre la inminente licitaci\u00f3n de espacios comerciales y culturales destinados a emprendedores y peque\u00f1os comerciantes. El proyecto busca promover la identidad correntina, la tecnolog\u00eda y el turismo en un entorno innovador y de fuerte impronta local.<\/p>\n\n\n\n<p>Seg\u00fan explic\u00f3 Vara, en esta primera etapa se abrir\u00e1 la convocatoria para 14 locales comerciales, adem\u00e1s de la concesi\u00f3n del museo, conformando la fase inicial de funcionamiento del complejo. Las propuestas podr\u00e1n presentarse del 3 al 20 de noviembre y estar\u00e1n divididas en tres pliegos principales: artesan\u00edas en el edificio hist\u00f3rico, el &#8220;Mercado de Sabores&#8221; y la gesti\u00f3n del Museo de la Prisi\u00f3n junto al Espacio de Ciencias.<\/p>\n\n\n\n<p>En el edificio principal, un peque\u00f1o local del hall estar\u00e1 destinado a artesanos correntinos, quienes podr\u00e1n exhibir y vender sus productos ante el p\u00fablico local y los visitantes. &#8220;Se aspira a que nuestros artesanos tengan un lugar para promocionarse, sobre todo ante el sector tur\u00edstico&#8221;, destac\u00f3 Vara en una entrevista con Radio Sudamericana.<\/p>\n\n\n\n<p>Por otro lado, en un galp\u00f3n recientemente construido, funcionar\u00e1 el Mercado de Sabores, con 12 locales de 3&#215;2,5 metros cada uno, destinados a la venta de alimentos regionales como chip\u00e1, pasteler\u00eda y productos congelados, exclusivamente para llevar. &#8220;No es para producir ni para consumir en el lugar, sino para que la gente pueda adquirir los productos y llev\u00e1rselos&#8221;, aclar\u00f3.<\/p>\n\n\n\n<p>Finalmente, el tercer pliego contempla la gesti\u00f3n del Museo de la Prisi\u00f3n y el Espacio de Ciencias, que combinar\u00e1 contenido hist\u00f3rico-cultural, desarrollo tecnol\u00f3gico y una oferta comercial asociada. Se busca un perfil con experiencia en el \u00e1rea para garantizar calidad e innovaci\u00f3n. &#8220;El museo debe ser un seductor de p\u00fablico que luego recorra tambi\u00e9n la parte gastron\u00f3mica, el mercado y las compras&#8221;, subray\u00f3 Vara.<\/p>\n\n\n\n<p>Con el objetivo de favorecer la participaci\u00f3n de emprendedores locales, los requisitos ser\u00e1n accesibles. El costo del pliego ser\u00e1 de $50.000, mientras que el canon mensual estimado rondar\u00e1 los $100.000 por local. &#8220;Est\u00e1 destinado a quienes quieran crecer dentro de un espacio nuevo y atractivo&#8221;, concluy\u00f3 el representante de La Unidad.<\/p>\n\n\n\n<figure class=\"wp-block-image\"><img decoding=\"async\" src=\"https:\/\/www.diarioepoca.com\/content\/bucket\/7\/1456717w380h133c.jpg.webp\" alt=\"\"\/><\/figure>\n\n\n\n<p>Adem\u00e1s del impacto inmediato en la generaci\u00f3n de empleo y la dinamizaci\u00f3n del comercio minorista, el proyecto representa una oportunidad para consolidar un polo de desarrollo econ\u00f3mico en una zona estrat\u00e9gica de la ciudad. La combinaci\u00f3n de oferta gastron\u00f3mica, productos regionales y espacios culturales puede impulsar la circulaci\u00f3n de visitantes, fortalecer el ecosistema emprendedor y abrir nuevas posibilidades de inversi\u00f3n para los sectores creativos y tur\u00edsticos.<\/p>\n\n\n\n<p>En el plano cultural, La Unidad se proyecta como un nodo de identidad y memoria colectiva, donde la historia del antiguo edificio carcelario dialoga con la innovaci\u00f3n tecnol\u00f3gica y las expresiones contempor\u00e1neas de la cultura correntina. La articulaci\u00f3n entre arte, ciencia y econom\u00eda local propone un modelo de gesti\u00f3n p\u00fablico-privado que busca trascender lo comercial para convertirse en un espacio vivo, capaz de atraer tanto al vecino como al visitante que desee conocer una nueva cara de Corrientes.<\/p>\n","protected":false},"excerpt":{"rendered":"<p>Artesanos y peque\u00f1as empresas gastron\u00f3micas ser\u00e1n los principales beneficiados de esta convocatoria. Los costos del pliego son de $50.000 y los c\u00e1nones mensuales rondar\u00e1n los $100.000. El coordinador del proyecto&hellip; <\/p>\n","protected":false},"author":3,"featured_media":233880,"comment_status":"closed","ping_status":"open","sticky":false,"template":"","format":"standard","meta":{"footnotes":""},"categories":[8],"tags":[],"class_list":["post-233871","post","type-post","status-publish","format-standard","has-post-thumbnail","hentry","category-locales"],"_links":{"self":[{"href":"https:\/\/corrientesdetarde.com\/index.php\/wp-json\/wp\/v2\/posts\/233871","targetHints":{"allow":["GET"]}}],"collection":[{"href":"https:\/\/corrientesdetarde.com\/index.php\/wp-json\/wp\/v2\/posts"}],"about":[{"href":"https:\/\/corrientesdetarde.com\/index.php\/wp-json\/wp\/v2\/types\/post"}],"author":[{"embeddable":true,"href":"https:\/\/corrientesdetarde.com\/index.php\/wp-json\/wp\/v2\/users\/3"}],"replies":[{"embeddable":true,"href":"https:\/\/corrientesdetarde.com\/index.php\/wp-json\/wp\/v2\/comments?post=233871"}],"version-history":[{"count":1,"href":"https:\/\/corrientesdetarde.com\/index.php\/wp-json\/wp\/v2\/posts\/233871\/revisions"}],"predecessor-version":[{"id":233881,"href":"https:\/\/corrientesdetarde.com\/index.php\/wp-json\/wp\/v2\/posts\/233871\/revisions\/233881"}],"wp:featuredmedia":[{"embeddable":true,"href":"https:\/\/corrientesdetarde.com\/index.php\/wp-json\/wp\/v2\/media\/233880"}],"wp:attachment":[{"href":"https:\/\/corrientesdetarde.com\/index.php\/wp-json\/wp\/v2\/media?parent=233871"}],"wp:term":[{"taxonomy":"category","embeddable":true,"href":"https:\/\/corrientesdetarde.com\/index.php\/wp-json\/wp\/v2\/categories?post=233871"},{"taxonomy":"post_tag","embeddable":true,"href":"https:\/\/corrientesdetarde.com\/index.php\/wp-json\/wp\/v2\/tags?post=233871"}],"curies":[{"name":"wp","href":"https:\/\/api.w.org\/{rel}","templated":true}]}}