{"id":23395,"date":"2022-11-28T09:52:22","date_gmt":"2022-11-28T12:52:22","guid":{"rendered":"https:\/\/corrientesdetarde.com\/?p=23395"},"modified":"2022-11-28T09:52:26","modified_gmt":"2022-11-28T12:52:26","slug":"los-combustibles-se-suman-al-programa-de-precios-justos-3","status":"publish","type":"post","link":"https:\/\/corrientesdetarde.com\/index.php\/nacionales\/los-combustibles-se-suman-al-programa-de-precios-justos-3\/","title":{"rendered":"Los combustibles se suman al programa de Precios Justos"},"content":{"rendered":"\n<p>As\u00ed lo informar\u00e1 el\u00a0ministro de Econom\u00eda, Sergio Massa, luego de definir junto a representantes de las compa\u00f1\u00edas petroleras los t\u00e9rminos del acuerdo que contempla un aumento limitado en la venta de los combustibles l\u00edquidos del\u00a0\u00a04%, en los primeros tres meses y del 3,5% en el \u00faltimo.<\/p>\n\n\n\n<p>El ministro de Econom\u00eda,\u00a0<strong>Sergio Massa<\/strong>, anunciar\u00e1 este lunes que los combustibles integrar\u00e1n el programa de\u00a0Precios Justos\u00a0durante cuatro meses con aumentos limitados al 4%, en los primeros tres meses y del 3,5% en el \u00faltimo, seg\u00fan consignaron a T\u00e9lam fuentes oficiales.<\/p>\n\n\n\n<p>Massa y la secretaria de Energ\u00eda,&nbsp;<strong>Flavia Royon<\/strong>, se reunir\u00e1n con representantes de las compa\u00f1\u00edas petroleras para definir los t\u00e9rminos del acuerdo que contempla un aumento limitado en la venta de los combustibles l\u00edquidos.<\/p>\n\n\n\n<p>&#8220;Habr\u00e1 un sendero de incrementos en los pr\u00f3ximos cuatro meses con topes de aumentos para reducir la inflaci\u00f3n&#8221;, expresaron los voceros oficiales.<\/p>\n\n\n\n<p>El jefe del Palacio de Hacienda, Royon y el secretario de Comercio,&nbsp;<strong>Mat\u00edas Tombolini<\/strong>, se reunir\u00e1n este lunes con directivos de las compa\u00f1\u00edas<strong>&nbsp;YPF, Shell, Axion y Puma<\/strong>&nbsp;para terminar de definir los detalles del acuerdo.<\/p>\n\n\n\n<p>Un portavoz del Gobierno adelant\u00f3 que &#8220;<strong>las empresas no podr\u00e1n aumentar m\u00e1s del 4% mensual en los primeros tres meses y presentan un acuerdo que tiene un cuarto mes con tope en 3,5%&#8221;.<\/strong><\/p>\n\n\n\n<p>En cuanto al programa, las autoridades conf\u00edan en que se termine de instalar la se\u00f1al\u00e9tica que distinguir\u00e1 a los productos en las g\u00f3ndolas y se avance con la capacitaci\u00f3n de inspectores que estar\u00e1 descentralizada y a cargo de los municipios.<\/p>\n\n\n\n<h2 class=\"wp-block-heading\">Una pol\u00edtica de precios sostenible<\/h2>\n\n\n\n<p>Actualmente, ya est\u00e1 disponible la aplicaci\u00f3n para tel\u00e9fonos m\u00f3viles -Precios Justos, para tel\u00e9fonos con Android y IOs- que ya tuvo m\u00e1s de 100.000 descargas en las \u00faltimas jornadas y que permite ver la lista de productos incluidos, lectura de c\u00f3digos de barra y una opci\u00f3n para denunciar una diferencia de precios o faltantes.<\/p>\n\n\n\n<p>El objetivo de esta medida, aseguraron las fuentes oficiales, es &#8220;tener una pol\u00edtica de precios sostenible y previsible en el tiempo, que permita dar un orden tanto a los consumidores como a los productores -que ahora tendr\u00e1n certeza del momento en el que acceder\u00e1n a divisas para sumar insumos importados- y que tambi\u00e9n asegure el abastecimiento&#8221;.<\/p>\n\n\n\n<p>De esta forma, se asegura&nbsp;<strong>evitar los abusos de empresas<\/strong>&nbsp;que, ante la incertidumbre, aceleraron la suba de precios desde julio \u00faltimo y que, ahora, tendr\u00e1n un l\u00edmite de aumentos del 4% que estar\u00e1 monitoreada a diario por la Secretar\u00eda de Comercio, a trav\u00e9s de sistemas electr\u00f3nicos y de la asistencia de los intendentes y los inspectores que podr\u00e1n fijar y cobrar las multas.<\/p>\n\n\n\n<p>&#8220;Estamos muy enfocados en seguir<strong>&nbsp;profundizando la hoja de ruta<\/strong>&nbsp;del ministro (Sergio Massa), que a poco de asumir plante\u00f3 un panorama que ten\u00eda que ver con lograr orden fiscal, acumulaci\u00f3n de reservas y como se lograron ambas cosas, se puede avanzar con lo que tiene que ver con la pol\u00edtica de precios&#8221;, dijo d\u00edas atr\u00e1s Tombolini.<\/p>\n\n\n\n<p>El funcionario agreg\u00f3 que &#8221; va a ayudar a ordenar la din\u00e1mica de precios en un sendero m\u00e1s tranquilo&#8221;, y destac\u00f3 que el mismo &#8220;contiene una serie de puntos respecto al abastecimiento, alcance y penalidades que lo diferencia de los anteriores acuerdos de precios&#8221;.<\/p>\n\n\n\n<p>De momento&nbsp;<strong>hay m\u00e1s de 113 empresas incluidas en el programa y 1.823 productos que se mantendr\u00e1n a precios constantes en 2.500 bocas de expendio de 18 cadenas de supermercados, 9 cadenas mayoristas con 200 puntos de venta, y 25 cadenas locales del interior con m\u00e1s de 150 comercios de todo el pa\u00eds<\/strong>.<\/p>\n\n\n\n<p><\/p>\n","protected":false},"excerpt":{"rendered":"<p>As\u00ed lo informar\u00e1 el\u00a0ministro de Econom\u00eda, Sergio Massa, luego de definir junto a representantes de las compa\u00f1\u00edas petroleras los t\u00e9rminos del acuerdo que contempla un aumento limitado en la venta&hellip; <\/p>\n","protected":false},"author":1,"featured_media":23396,"comment_status":"closed","ping_status":"open","sticky":false,"template":"","format":"standard","meta":{"footnotes":""},"categories":[10],"tags":[],"class_list":["post-23395","post","type-post","status-publish","format-standard","has-post-thumbnail","hentry","category-nacionales"],"_links":{"self":[{"href":"https:\/\/corrientesdetarde.com\/index.php\/wp-json\/wp\/v2\/posts\/23395","targetHints":{"allow":["GET"]}}],"collection":[{"href":"https:\/\/corrientesdetarde.com\/index.php\/wp-json\/wp\/v2\/posts"}],"about":[{"href":"https:\/\/corrientesdetarde.com\/index.php\/wp-json\/wp\/v2\/types\/post"}],"author":[{"embeddable":true,"href":"https:\/\/corrientesdetarde.com\/index.php\/wp-json\/wp\/v2\/users\/1"}],"replies":[{"embeddable":true,"href":"https:\/\/corrientesdetarde.com\/index.php\/wp-json\/wp\/v2\/comments?post=23395"}],"version-history":[{"count":1,"href":"https:\/\/corrientesdetarde.com\/index.php\/wp-json\/wp\/v2\/posts\/23395\/revisions"}],"predecessor-version":[{"id":23397,"href":"https:\/\/corrientesdetarde.com\/index.php\/wp-json\/wp\/v2\/posts\/23395\/revisions\/23397"}],"wp:featuredmedia":[{"embeddable":true,"href":"https:\/\/corrientesdetarde.com\/index.php\/wp-json\/wp\/v2\/media\/23396"}],"wp:attachment":[{"href":"https:\/\/corrientesdetarde.com\/index.php\/wp-json\/wp\/v2\/media?parent=23395"}],"wp:term":[{"taxonomy":"category","embeddable":true,"href":"https:\/\/corrientesdetarde.com\/index.php\/wp-json\/wp\/v2\/categories?post=23395"},{"taxonomy":"post_tag","embeddable":true,"href":"https:\/\/corrientesdetarde.com\/index.php\/wp-json\/wp\/v2\/tags?post=23395"}],"curies":[{"name":"wp","href":"https:\/\/api.w.org\/{rel}","templated":true}]}}