{"id":23399,"date":"2022-11-28T09:54:00","date_gmt":"2022-11-28T12:54:00","guid":{"rendered":"https:\/\/corrientesdetarde.com\/?p=23399"},"modified":"2022-11-28T09:54:01","modified_gmt":"2022-11-28T12:54:01","slug":"la-orquesta-sinfonica-en-el-cierre-anual-del-cucaicor","status":"publish","type":"post","link":"https:\/\/corrientesdetarde.com\/index.php\/cultura\/la-orquesta-sinfonica-en-el-cierre-anual-del-cucaicor\/","title":{"rendered":"La Orquesta Sinf\u00f3nica en el cierre anual del Cucaicor"},"content":{"rendered":"\n<p>La Orquesta Sinf\u00f3nica de la provincia particip\u00f3 este s\u00e1bado del cierre anual de actividades del Cucaicor en el Sal\u00f3n Tupasy de la capital correntina. El espect\u00e1culo cont\u00f3 con la participaci\u00f3n del tenor Sergio Casco y Lisandro Palomo, Herman Juli, y las voces femeninas de la mezzosoprano Mar\u00eda Eugenia Hern\u00e1ndez y la soprano chaque\u00f1a Anal\u00eda Estigarribia.&nbsp;<\/p>\n\n\n\n<p>La Orquesta Sinf\u00f3nica, organismo dependiente de la Direcci\u00f3n de Arte Esc\u00e9nica M\u00fasica y Artes Audiovisuales del Instituto de Cultura de la Provincia, fue invitada a participar del cierre de la campa\u00f1a 2022 del Cucaicor \u201cDonar est\u00e1 bien\u201d.&nbsp;<\/p>\n\n\n\n<p>El repertorio seleccionado para esta velada estuvo compuesto por obras de Joseph Haydn, Amadeus Mozart, George Bizet, Giuseppe Verdi, Giacomo Puccini, Max Bruch y Carlos &nbsp;Guastavino, adem\u00e1s de la participaci\u00f3n de l\u00edricos regionales. Actuaron Anal\u00eda Estigarribia, Lisandro Palomo, Herman Juli, Mar\u00eda Eugenia Hern\u00e1ndez, Sergio Casco, y en \u201cNocturno\u201d, de la \u201cSuite Carmen\u201d de George Bizet fue solista de viol\u00edn Juanjo \u00c1lvarez. &nbsp;<\/p>\n\n\n\n<p>El objetivo de este concierto fue homenajear a todos los donantes correntinos y a sus familias, como tambi\u00e9n celebrar que m\u00e1s de 1100 correntinos recibieron alg\u00fan tipo de trasplante, adem\u00e1s de los 600 donantes de \u00f3rganos, tejidos y c\u00e9lulas hematopoy\u00e9ticas alcanzados esta temporada.&nbsp;<\/p>\n","protected":false},"excerpt":{"rendered":"<p>La Orquesta Sinf\u00f3nica de la provincia particip\u00f3 este s\u00e1bado del cierre anual de actividades del Cucaicor en el Sal\u00f3n Tupasy de la capital correntina. El espect\u00e1culo cont\u00f3 con la participaci\u00f3n&hellip; <\/p>\n","protected":false},"author":4,"featured_media":23401,"comment_status":"closed","ping_status":"open","sticky":false,"template":"","format":"standard","meta":{"footnotes":""},"categories":[15],"tags":[],"class_list":["post-23399","post","type-post","status-publish","format-standard","has-post-thumbnail","hentry","category-cultura"],"_links":{"self":[{"href":"https:\/\/corrientesdetarde.com\/index.php\/wp-json\/wp\/v2\/posts\/23399","targetHints":{"allow":["GET"]}}],"collection":[{"href":"https:\/\/corrientesdetarde.com\/index.php\/wp-json\/wp\/v2\/posts"}],"about":[{"href":"https:\/\/corrientesdetarde.com\/index.php\/wp-json\/wp\/v2\/types\/post"}],"author":[{"embeddable":true,"href":"https:\/\/corrientesdetarde.com\/index.php\/wp-json\/wp\/v2\/users\/4"}],"replies":[{"embeddable":true,"href":"https:\/\/corrientesdetarde.com\/index.php\/wp-json\/wp\/v2\/comments?post=23399"}],"version-history":[{"count":1,"href":"https:\/\/corrientesdetarde.com\/index.php\/wp-json\/wp\/v2\/posts\/23399\/revisions"}],"predecessor-version":[{"id":23403,"href":"https:\/\/corrientesdetarde.com\/index.php\/wp-json\/wp\/v2\/posts\/23399\/revisions\/23403"}],"wp:featuredmedia":[{"embeddable":true,"href":"https:\/\/corrientesdetarde.com\/index.php\/wp-json\/wp\/v2\/media\/23401"}],"wp:attachment":[{"href":"https:\/\/corrientesdetarde.com\/index.php\/wp-json\/wp\/v2\/media?parent=23399"}],"wp:term":[{"taxonomy":"category","embeddable":true,"href":"https:\/\/corrientesdetarde.com\/index.php\/wp-json\/wp\/v2\/categories?post=23399"},{"taxonomy":"post_tag","embeddable":true,"href":"https:\/\/corrientesdetarde.com\/index.php\/wp-json\/wp\/v2\/tags?post=23399"}],"curies":[{"name":"wp","href":"https:\/\/api.w.org\/{rel}","templated":true}]}}