{"id":23409,"date":"2022-11-28T10:02:59","date_gmt":"2022-11-28T13:02:59","guid":{"rendered":"https:\/\/corrientesdetarde.com\/?p=23409"},"modified":"2022-11-28T10:03:05","modified_gmt":"2022-11-28T13:03:05","slug":"condenaron-a-un-hombre-que-abuso-de-su-hija-de-13-anos-dijo-que-lo-hizo-porque-unas-voces-se-lo-ordenaron","status":"publish","type":"post","link":"https:\/\/corrientesdetarde.com\/index.php\/crimen-y-justicia\/condenaron-a-un-hombre-que-abuso-de-su-hija-de-13-anos-dijo-que-lo-hizo-porque-unas-voces-se-lo-ordenaron\/","title":{"rendered":"Condenaron a un hombre que abus\u00f3 de su hija de 13 a\u00f1os: dijo que lo hizo porque unas \u201cvoces\u201d se lo ordenaron"},"content":{"rendered":"\n<h4 class=\"wp-block-heading\">El ataque ocurri\u00f3 en marzo de 2021. El acusado recibi\u00f3 una pena de 12 a\u00f1os de prisi\u00f3n tras reconocer el delito.<\/h4>\n\n\n\n<p>Un hombre de 42 a\u00f1os fue&nbsp;<strong>condenado&nbsp;<\/strong>a 12 a\u00f1os de prisi\u00f3n por&nbsp;<a href=\"https:\/\/tn.com.ar\/policiales\/2022\/11\/13\/no-me-toques-pa-escandalo-en-misiones-por-la-absolucion-de-un-padre-acusado-de-abusar-de-su-hija-de-5-anos\/\" target=\"_blank\" rel=\"noreferrer noopener\"><strong>abusar de su hija&nbsp;<\/strong><\/a><strong>de 13.&nbsp;<\/strong>Al confesar el delito, el pervertido se excus\u00f3:<strong>&nbsp;\u201cLas voces me est\u00e1n comiendo la cabeza, por eso una vez viol\u00e9 a mi hija\u201d<\/strong>.<\/p>\n\n\n\n<p>El aberrante ataque ocurri\u00f3 en marzo de 2021 en la vivienda que ambos compart\u00edan, ubicada en el barrio San Antonio de&nbsp;<a href=\"https:\/\/tn.com.ar\/policiales\/2022\/10\/24\/un-militante-de-la-coalicion-civica-manoseo-a-una-companera-y-a-los-minutos-fue-encontrado-prendido-fuego\/\" target=\"_blank\" rel=\"noreferrer noopener\">Mar del Plata<\/a>. El hombre aprovech\u00f3 la ausencia de la madre de la v\u00edctima, que en ese momento se encontraba trabajando, para consumar la agresi\u00f3n.<\/p>\n\n\n\n<p><\/p>\n\n\n\n<p>Cuando la menor, una adolescente de 13 a\u00f1os, pudo contar lo sucedido, su madre realiz\u00f3 la denuncia. El sujeto<strong>&nbsp;intent\u00f3 escapar,<\/strong>&nbsp;pero a las horas fue detenido por la Polic\u00eda con cortes en la mu\u00f1eca izquierda y manchas de sangre en su calzado.<\/p>\n\n\n\n<p>\u201cMe entrego, me entrego, yo no lo quise hacer,\u00a0<strong>ese hombre de negro me est\u00e1 comiendo la cabeza,<\/strong>\u00a0esa persona me dice lo que tengo que hacer y lo que no,\u00a0<strong>por eso una vez que viol\u00e9 a mi hija<\/strong>, \u00e9l me dijo que ya me pod\u00eda matar\u201d, expres\u00f3 al momento de la detenci\u00f3n.<\/p>\n\n\n\n<p>En el acuerdo que el Ministerio P\u00fablico Fiscal y la defensa del imputado le presentaron al Juez Alfredo Deleonardis, se dio por probado que hubo&nbsp;<strong>abuso sexual con acceso carnal.<\/strong>&nbsp;Debido a este ataque, el acusado le provoc\u00f3 lesiones que fueron confirmadas horas despu\u00e9s durante el examen m\u00e9dico.<\/p>\n\n\n\n<p>Tras el acuerdo de un juicio abreviado, el Tribunal Oral en lo Criminal N\u00b04 determin\u00f3<strong>\u00a0condenarlo a 12 a\u00f1os de prisi\u00f3n.<\/strong><\/p>\n\n\n\n<p>De acuerdo a lo informado por el medio&nbsp;<em>0223<\/em>, el juez de la causa descart\u00f3 la presencia de motivos que lo eximan de la responsabilidad penal y consider\u00f3 que no se acreditaron \u201ccircunstancias que supriman la capacidad de reacci\u00f3n normativa del imputado, ni la facultad de conducirse que de ella se deriva, con relaci\u00f3n al hecho reprochado\u201d.<\/p>\n\n\n\n<p>El imputado no ten\u00eda antecedentes penales, pero su causa fue agravada por el aprovechamiento de la ausencia materna para concretar y garantizar su designio delictivo, como tambi\u00e9n la gravedad y diversidad de lesiones ocasionadas a la v\u00edctima.<\/p>\n\n\n\n<p>El Juez hall\u00f3 al acusado como autor penalmente responsable del delito de&nbsp;<strong>abuso sexual agravado por el v\u00ednculo y por haber sido cometido con acceso carnal<\/strong>&nbsp;a la pena de doce a\u00f1os de prisi\u00f3n.<\/p>\n","protected":false},"excerpt":{"rendered":"<p>El ataque ocurri\u00f3 en marzo de 2021. El acusado recibi\u00f3 una pena de 12 a\u00f1os de prisi\u00f3n tras reconocer el delito. Un hombre de 42 a\u00f1os fue&nbsp;condenado&nbsp;a 12 a\u00f1os de&hellip; <\/p>\n","protected":false},"author":1,"featured_media":23410,"comment_status":"closed","ping_status":"open","sticky":false,"template":"","format":"standard","meta":{"footnotes":""},"categories":[5],"tags":[],"class_list":["post-23409","post","type-post","status-publish","format-standard","has-post-thumbnail","hentry","category-crimen-y-justicia"],"_links":{"self":[{"href":"https:\/\/corrientesdetarde.com\/index.php\/wp-json\/wp\/v2\/posts\/23409","targetHints":{"allow":["GET"]}}],"collection":[{"href":"https:\/\/corrientesdetarde.com\/index.php\/wp-json\/wp\/v2\/posts"}],"about":[{"href":"https:\/\/corrientesdetarde.com\/index.php\/wp-json\/wp\/v2\/types\/post"}],"author":[{"embeddable":true,"href":"https:\/\/corrientesdetarde.com\/index.php\/wp-json\/wp\/v2\/users\/1"}],"replies":[{"embeddable":true,"href":"https:\/\/corrientesdetarde.com\/index.php\/wp-json\/wp\/v2\/comments?post=23409"}],"version-history":[{"count":1,"href":"https:\/\/corrientesdetarde.com\/index.php\/wp-json\/wp\/v2\/posts\/23409\/revisions"}],"predecessor-version":[{"id":23411,"href":"https:\/\/corrientesdetarde.com\/index.php\/wp-json\/wp\/v2\/posts\/23409\/revisions\/23411"}],"wp:featuredmedia":[{"embeddable":true,"href":"https:\/\/corrientesdetarde.com\/index.php\/wp-json\/wp\/v2\/media\/23410"}],"wp:attachment":[{"href":"https:\/\/corrientesdetarde.com\/index.php\/wp-json\/wp\/v2\/media?parent=23409"}],"wp:term":[{"taxonomy":"category","embeddable":true,"href":"https:\/\/corrientesdetarde.com\/index.php\/wp-json\/wp\/v2\/categories?post=23409"},{"taxonomy":"post_tag","embeddable":true,"href":"https:\/\/corrientesdetarde.com\/index.php\/wp-json\/wp\/v2\/tags?post=23409"}],"curies":[{"name":"wp","href":"https:\/\/api.w.org\/{rel}","templated":true}]}}