{"id":234185,"date":"2025-11-02T23:01:39","date_gmt":"2025-11-03T02:01:39","guid":{"rendered":"https:\/\/corrientesdetarde.com\/?p=234185"},"modified":"2025-11-02T23:01:52","modified_gmt":"2025-11-03T02:01:52","slug":"renuncia-en-cadena-tras-francos-tambien-deja-su-cargo-el-ministro-del-interior","status":"publish","type":"post","link":"https:\/\/corrientesdetarde.com\/index.php\/politica\/renuncia-en-cadena-tras-francos-tambien-deja-su-cargo-el-ministro-del-interior\/","title":{"rendered":"Renuncia en cadena: tras Francos, tambi\u00e9n deja su cargo el ministro del Interior"},"content":{"rendered":"\n<p>Lisandro Catal\u00e1n present\u00f3 su dimisi\u00f3n horas despu\u00e9s de la salida de Guillermo Francos, en medio de la reconfiguraci\u00f3n del gabinete que impulsa Javier Milei tras la victoria electoral del oficialismo.<\/p>\n\n\n\n<p>El Gobierno nacional atraviesa una nueva ola de cambios. Luego de la renuncia de Guillermo Francos a la Jefatura de Gabinete, el ministro del Interior, Lisandro Catal\u00e1n, tambi\u00e9n present\u00f3 su dimisi\u00f3n. La noticia fue confirmada por medios nacionales durante la noche del viernes, en el marco del relanzamiento del gabinete que impulsa el presidente Javier Milei tras los resultados de las elecciones legislativas.<\/p>\n\n\n\n<p>La salida de Catal\u00e1n se suma a una jornada de movimientos pol\u00edticos que reconfiguran el n\u00facleo del poder dentro de la Casa Rosada. Su dimisi\u00f3n, seg\u00fan trascendi\u00f3, responde a la decisi\u00f3n del mandatario de abrir una &#8220;nueva etapa de gesti\u00f3n&#8221; con figuras m\u00e1s alineadas a su entorno inmediato. En ese contexto, la renuncia de Francos y la inminente asunci\u00f3n de Manuel Adorni como su reemplazante marcan el inicio de un ciclo con mayor concentraci\u00f3n de poder en el c\u00edrculo m\u00e1s cercano al Presidente.<\/p>\n\n\n\n<p>Aunque a\u00fan no se comunic\u00f3 oficialmente qui\u00e9n ocupar\u00e1 el Ministerio del Interior, versiones indican que Santiago Caputo podr\u00eda asumir el control pol\u00edtico de esa \u00e1rea dentro de una estructura reformulada del gabinete. La decisi\u00f3n se enmarca en un redise\u00f1o que busca consolidar la estrategia pol\u00edtica y administrativa de cara a las reformas estructurales previstas para los pr\u00f3ximos meses.<\/p>\n\n\n\n<p>Catal\u00e1n, quien hab\u00eda acompa\u00f1ado a Milei desde el inicio de su gesti\u00f3n, se desempe\u00f1\u00f3 como enlace con los gobiernos provinciales y municipales, una funci\u00f3n clave en la relaci\u00f3n pol\u00edtica del Ejecutivo. Su salida deja vacante un rol central para la negociaci\u00f3n con los gobernadores, en un momento en el que el oficialismo necesita apoyo legislativo para avanzar con su agenda.<\/p>\n\n\n\n<p>Con estas dos renuncias en menos de 24 horas, Milei da inicio a un proceso de recambio interno que apunta a reforzar el control pol\u00edtico dentro del gabinete. El mandatario busca encarar una segunda etapa de gobierno marcada por mayor disciplina interna y un perfil m\u00e1s definido hacia las reformas que considera prioritarias para su proyecto.<\/p>\n","protected":false},"excerpt":{"rendered":"<p>Lisandro Catal\u00e1n present\u00f3 su dimisi\u00f3n horas despu\u00e9s de la salida de Guillermo Francos, en medio de la reconfiguraci\u00f3n del gabinete que impulsa Javier Milei tras la victoria electoral del oficialismo.&hellip; <\/p>\n","protected":false},"author":4,"featured_media":234186,"comment_status":"closed","ping_status":"open","sticky":false,"template":"","format":"standard","meta":{"footnotes":""},"categories":[3],"tags":[],"class_list":["post-234185","post","type-post","status-publish","format-standard","has-post-thumbnail","hentry","category-politica"],"_links":{"self":[{"href":"https:\/\/corrientesdetarde.com\/index.php\/wp-json\/wp\/v2\/posts\/234185","targetHints":{"allow":["GET"]}}],"collection":[{"href":"https:\/\/corrientesdetarde.com\/index.php\/wp-json\/wp\/v2\/posts"}],"about":[{"href":"https:\/\/corrientesdetarde.com\/index.php\/wp-json\/wp\/v2\/types\/post"}],"author":[{"embeddable":true,"href":"https:\/\/corrientesdetarde.com\/index.php\/wp-json\/wp\/v2\/users\/4"}],"replies":[{"embeddable":true,"href":"https:\/\/corrientesdetarde.com\/index.php\/wp-json\/wp\/v2\/comments?post=234185"}],"version-history":[{"count":1,"href":"https:\/\/corrientesdetarde.com\/index.php\/wp-json\/wp\/v2\/posts\/234185\/revisions"}],"predecessor-version":[{"id":234188,"href":"https:\/\/corrientesdetarde.com\/index.php\/wp-json\/wp\/v2\/posts\/234185\/revisions\/234188"}],"wp:featuredmedia":[{"embeddable":true,"href":"https:\/\/corrientesdetarde.com\/index.php\/wp-json\/wp\/v2\/media\/234186"}],"wp:attachment":[{"href":"https:\/\/corrientesdetarde.com\/index.php\/wp-json\/wp\/v2\/media?parent=234185"}],"wp:term":[{"taxonomy":"category","embeddable":true,"href":"https:\/\/corrientesdetarde.com\/index.php\/wp-json\/wp\/v2\/categories?post=234185"},{"taxonomy":"post_tag","embeddable":true,"href":"https:\/\/corrientesdetarde.com\/index.php\/wp-json\/wp\/v2\/tags?post=234185"}],"curies":[{"name":"wp","href":"https:\/\/api.w.org\/{rel}","templated":true}]}}