{"id":234194,"date":"2025-11-02T23:58:31","date_gmt":"2025-11-03T02:58:31","guid":{"rendered":"https:\/\/corrientesdetarde.com\/?p=234194"},"modified":"2025-11-02T23:58:43","modified_gmt":"2025-11-03T02:58:43","slug":"javier-milei-anuncio-que-diego-santilli-sera-el-nuevo-ministro-del-interior","status":"publish","type":"post","link":"https:\/\/corrientesdetarde.com\/index.php\/politica\/javier-milei-anuncio-que-diego-santilli-sera-el-nuevo-ministro-del-interior\/","title":{"rendered":"Javier Milei anunci\u00f3 que Diego Santilli ser\u00e1 el nuevo ministro del Interior"},"content":{"rendered":"\n<p>El Presidente confirm\u00f3 la decisi\u00f3n a trav\u00e9s de un mensaje que public\u00f3 en las redes sociales. La designaci\u00f3n fue consensuada esta ma\u00f1ana en una reuni\u00f3n en la Quinta de Olivos con Santiago Caputo<\/p>\n\n\n\n<p>El presidente Javier Milei design\u00f3 este domingo a Diego Santilli como nuevo ministro del Interior en reemplazo de Lisandro Catal\u00e1n, quien renunci\u00f3 d\u00eda atr\u00e1s junto con el jefe de Gabinete, Guillermo Francos, en medio de la interna en el Gobierno.<\/p>\n\n\n\n<p><br>El dirigente del PRO, que desde hac\u00eda tiempo ven\u00eda mostr\u00e1ndose cerca del oficialismo, viene de ganar las elecciones en la provincia de Buenos Aires con la lista de La Libertad Avanza, luego de que se bajara la candidatura de Jos\u00e9 Luis Espert.<\/p>\n\n\n\n<p>&nbsp;<br>La decisi\u00f3n se anunci\u00f3 tan solo unas horas despu\u00e9s de que Milei recibiera en la Quinta de Olivos a Mauricio Macri, quien se retir\u00f3 del lugar sin haber llegado, al menos hasta ese momento, a un acuerdo para la segunda etapa de la gesti\u00f3n.<\/p>\n\n\n\n<p>&#8220;Tenemos ministro del Interior. Bienvenido Colo Santilli. Diego ser\u00e1 quien llevar\u00e1 adelante las conversaciones con gobernadores y legisladores para poder articular con el Congreso de la Naci\u00f3n cada uno de los consensos necesarios para las reformas que vienen de cara al futuro. \u00a1VLLC (viva la libertad, carajo)! Fin&#8221;, escribi\u00f3 el mandatario nacional en su cuenta de X.<\/p>\n\n\n\n<p>&nbsp;<br>De acuerdo con lo que precisaron a Infobae fuentes oficiales, la decisi\u00f3n se consensu\u00f3 durante una reuni\u00f3n que se llev\u00f3 adelante por la ma\u00f1ana en la Quinta de Olivos entre el Presidente y su asesor, Santiago Caputo.<\/p>\n\n\n\n<p>&#8220;Gran reconocimiento a un tipo que apoy\u00f3 desde el d\u00eda uno de manera incondicional el liderazgo del Presidente y que puso el hombro para dar vuelta una elecci\u00f3n hist\u00f3rica en PBA. Felicitaciones, Diego Santilli&#8221;, destac\u00f3 el consultor.<\/p>\n\n\n\n<p>Seg\u00fan revelaron en el entorno del diputado, fue Milei el que lo llam\u00f3 este mismo domingo por la tarde para ofrecerle el cargo. &#8220;El Colo&#8221;, que estaba volviendo de ver correr a su hijo en el TC Pista en la ciudad de Paran\u00e1, Entre R\u00edos, acept\u00f3.<\/p>\n\n\n\n<p>Para un sector del PRO, esta &#8220;es una clara se\u00f1al de amplitud&#8221; por parte del oficialismo y destacaron que Santilli &#8220;tiene excelente relaci\u00f3n con la mayor\u00eda de los 24 gobernadores&#8221;, menos con el bonaerense, Axel Kicillof, &#8220;al que enfrent\u00f3 en tres elecciones y le gan\u00f3 en dos&#8221;.<\/p>\n\n\n\n<p>&#8220;Construy\u00f3 una gran relaci\u00f3n con Karina, primero, y con el Presidente, despu\u00e9s. Tambi\u00e9n conoce a Santiago Caputo desde hace varios a\u00f1os&#8221;, remarcaron.<\/p>\n\n\n\n<p>De esta manera, contin\u00faa la expectativa por el rol que ocupar\u00e1 entonces el asesor presidencial, quien hasta que se conoci\u00f3 esta medida, se especulaba con que iba a ser el encargado de las relaciones con las provincias, los diputados y los senadores.<\/p>\n\n\n\n<p>&#8220;Bienvenido Diego Santilli como nuevo Ministro del Interior de la Naci\u00f3n. Gran elecci\u00f3n para esta etapa donde la prioridad es avanzar en las reformas que la Argentina necesita para seguir transitando el camino hacia la prosperidad. Ma\u00f1ana 9:30 horas tendremos reuni\u00f3n de Gabinete en Casa Rosada. Fin&#8221;, anunci\u00f3 el flamante jefe de Gabinete, Manuel Adorni.<\/p>\n\n\n\n<p>Quien va a asumir la banca que le correspond\u00eda al dirigente del PRO el 10 diciembre, entonces, ser\u00e1 Rub\u00e9n Torres, un hombre cercano a Sebasti\u00e1n Pareja y a Pablo L\u00f3pez, el coordinador de La Libertad Avanza en Ezeiza.<\/p>\n\n\n\n<p>La salida de Catal\u00e1n del Gobierno se dio el viernes por la noche, cuando el ahora ex funcionario, tambi\u00e9n a trav\u00e9s de las redes sociales, le comunic\u00f3 a Milei que presentaba la renuncia.<\/p>\n\n\n\n<p>&#8220;Agradezco profundamente la confianza que ha depositado en m\u00ed para iniciar una etapa de di\u00e1logo y consensos. Voy a seguir apoyando esta gesti\u00f3n y a La Libertad Avanza, porque estoy convencido de que las ideas de la libertad son las que van a transformar a la Argentina&#8221;, coment\u00f3.<\/p>\n\n\n\n<p>Poco antes, hab\u00eda hecho lo mismo Francos, en medio de la interna en el Gobierno y de los m\u00faltiples rumores sobre su futuro, y cuando el Presidente estaba cenando en la Quinta de Olivos con Macri.<\/p>\n\n\n\n<p>&#8220;Ante los persistentes trascendidos sobre modificaciones en el Gabinete Nacional, me dirijo a Usted con el objeto de presentarle mi renuncia al cargo de Jefe de Gabinete de Ministros, para que pueda afrontar sin condicionamientos la etapa de gobierno que se inicia luego de las elecciones nacionales del pasado 26 de octubre&#8221;, comenz\u00f3 diciendo el saliente jefe de Gabinete.<\/p>\n\n\n\n<p>&nbsp;<br>En su texto de despedida, le agradeci\u00f3 al l\u00edder libertario &#8220;profundamente la oportunidad de servir con lealtad y patriotismo a nuestro pa\u00eds y a su gobierno&#8221;.<\/p>\n\n\n\n<p>&#8220;Por extra\u00f1a coincidencia, mi primer acto como Ministro del Interior y mi \u00faltimo como Jefe de Gabinete fueron reunir a los Gobernadores de las Provincias con el Poder Ejecutivo Nacional con el objeto de encontrar mecanismos de di\u00e1logo y generaci\u00f3n de consensos, imprescindibles para avanzar en las reformas estructurales que la Argentina necesita&#8221;, se\u00f1al\u00f3.<\/p>\n\n\n\n<p>Y cerr\u00f3: &#8220;Ha sido para m\u00ed un honor ser parte de un proyecto transformador que tiene por objeto encaminar a nuestro pa\u00eds en una senda de libertad y progreso. Sepa que, como hasta hoy, siempre podr\u00e1 contar conmigo. Dese\u00e1ndole el mayor de los \u00e9xitos, con el afecto de siempre&#8221;.<\/p>\n\n\n\n<p>&nbsp;<br>Esta medida se enmarca en un contexto en el que, tal como anticip\u00f3 este medio, pod\u00eda llegar a haber una decisi\u00f3n por parte de Milei para ampliar el Gabinete y sumar a dirigentes del PRO, como es Santilli, pero tambi\u00e9n Guillermo Montenegro o Cristian Ritondo, los nombres que circulan en Casa Rosada, \u00bfser\u00e1 parte de un acuerdo de partidos? \u00bfO ser\u00e1n arreglos personales, como ocurri\u00f3 en su momento con Patricia Bullrich?<\/p>\n","protected":false},"excerpt":{"rendered":"<p>El Presidente confirm\u00f3 la decisi\u00f3n a trav\u00e9s de un mensaje que public\u00f3 en las redes sociales. La designaci\u00f3n fue consensuada esta ma\u00f1ana en una reuni\u00f3n en la Quinta de Olivos&hellip; <\/p>\n","protected":false},"author":4,"featured_media":234195,"comment_status":"closed","ping_status":"open","sticky":false,"template":"","format":"standard","meta":{"footnotes":""},"categories":[3],"tags":[],"class_list":["post-234194","post","type-post","status-publish","format-standard","has-post-thumbnail","hentry","category-politica"],"_links":{"self":[{"href":"https:\/\/corrientesdetarde.com\/index.php\/wp-json\/wp\/v2\/posts\/234194","targetHints":{"allow":["GET"]}}],"collection":[{"href":"https:\/\/corrientesdetarde.com\/index.php\/wp-json\/wp\/v2\/posts"}],"about":[{"href":"https:\/\/corrientesdetarde.com\/index.php\/wp-json\/wp\/v2\/types\/post"}],"author":[{"embeddable":true,"href":"https:\/\/corrientesdetarde.com\/index.php\/wp-json\/wp\/v2\/users\/4"}],"replies":[{"embeddable":true,"href":"https:\/\/corrientesdetarde.com\/index.php\/wp-json\/wp\/v2\/comments?post=234194"}],"version-history":[{"count":1,"href":"https:\/\/corrientesdetarde.com\/index.php\/wp-json\/wp\/v2\/posts\/234194\/revisions"}],"predecessor-version":[{"id":234196,"href":"https:\/\/corrientesdetarde.com\/index.php\/wp-json\/wp\/v2\/posts\/234194\/revisions\/234196"}],"wp:featuredmedia":[{"embeddable":true,"href":"https:\/\/corrientesdetarde.com\/index.php\/wp-json\/wp\/v2\/media\/234195"}],"wp:attachment":[{"href":"https:\/\/corrientesdetarde.com\/index.php\/wp-json\/wp\/v2\/media?parent=234194"}],"wp:term":[{"taxonomy":"category","embeddable":true,"href":"https:\/\/corrientesdetarde.com\/index.php\/wp-json\/wp\/v2\/categories?post=234194"},{"taxonomy":"post_tag","embeddable":true,"href":"https:\/\/corrientesdetarde.com\/index.php\/wp-json\/wp\/v2\/tags?post=234194"}],"curies":[{"name":"wp","href":"https:\/\/api.w.org\/{rel}","templated":true}]}}