{"id":234201,"date":"2025-11-03T09:08:36","date_gmt":"2025-11-03T12:08:36","guid":{"rendered":"https:\/\/corrientesdetarde.com\/?p=234201"},"modified":"2025-11-03T09:08:46","modified_gmt":"2025-11-03T12:08:46","slug":"comienzan-los-trabajos-en-el-puente-que-une-libres-con-uruguayana","status":"publish","type":"post","link":"https:\/\/corrientesdetarde.com\/index.php\/informacion-general\/comienzan-los-trabajos-en-el-puente-que-une-libres-con-uruguayana\/","title":{"rendered":"Comienzan los trabajos en el puente que une Libres con Uruguayana"},"content":{"rendered":"\n<p>David Moulin, titular del Distrito 10 de Vialidad Nacional, anunci\u00f3 que en el mes de noviembre se dedicar\u00e1n a realizar tareas de mantenimiento en el Puente Internacional Agust\u00edn P. Justo &#8211; Getulio Vargas que une a la ciudad correntina de Paso de los Libres con la brasile\u00f1a de Uruguayana.<\/p>\n\n\n\n<p>Los trabajos de bacheo y reacondicionamiento comenzar\u00e1n hoy en los 800 metros que tiene el tramo argentino. Por esta situaci\u00f3n habr\u00e1 circulaci\u00f3n reducida durante esta semana.<\/p>\n\n\n\n<p>De acuerdo a lo diagramado en la mencionada \u00e1rea de Naci\u00f3n, desde hoy hasta el viernes 7 de noviembre, se implementar\u00e1n cortes parciales y totales en el viaducto que es clave en el MERCOSUR.<\/p>\n\n\n\n<p>A diario, son miles de camiones y veh\u00edculos de menores portes que circulan por all\u00ed, pero a fines de diciembre y sobre todo en enero, el movimiento es a\u00fan mayor. El a\u00f1o pasado, miles de argentinos volvieron a copar las playas del sur de Brasil y este es uno de los pasos fronterizos m\u00e1s concurridos en cada temporada de verano.<\/p>\n\n\n\n<p>Por esta raz\u00f3n, desde el Distrito 10 anunciaron los trabajos antes de que comience la temporada estival.<\/p>\n\n\n\n<p>Como siempre pasa en estas obras al aire libre, las tareas est\u00e1n sujetas a condiciones clim\u00e1ticas favorables. Vale mencionar que durante el mes de octubre en algunos puntos de la provincia hubo un acumulado que se aproxim\u00f3 a los 300 mil\u00edmetros de lluvia.<\/p>\n\n\n\n<p>De acuerdo a los datos oficiales, los trabajos se ejecutar\u00e1n exclusivamente en horario nocturno. Al igual que lo ocurrido en los cambios de juntas del puente General Belgrano, se busca evitar perjuicios en horarios picos.<\/p>\n\n\n\n<p>De acuerdo a lo establecido por los t\u00e9cnicos y funcionarios, las tareas se llevar\u00e1n a cabo entre las 20:30 y las 6:30 aproximadamente, por lo que el tr\u00e1nsito pesado ser\u00e1 interrumpido en su totalidad durante ese lapso.<\/p>\n\n\n\n<p>Mientras tanto, los veh\u00edculos livianos podr\u00e1n circular con asistencia y control del personal y banderilleros en el sector.<\/p>\n\n\n\n<p>Asimismo, desde Vialidad Nacional solicitaron a los usuarios de la v\u00eda internacional extremar las precauciones, respetar las se\u00f1alizaciones y seguir rigurosamente las indicaciones del personal operativo para evitar incidentes y facilitar el desarrollo de las tareas.<\/p>\n\n\n\n<h2 class=\"wp-block-heading\">Buscan m\u00e1s mejoras<\/h2>\n\n\n\n<p>Delia Flores, presidenta de la C\u00e1mara Libre\u00f1a de Transporte Automotor y Afines (CALIBRE), realiz\u00f3 un balance de la reuni\u00f3n mantenida con la c\u00f3nsul argentina en Uruguayana, Ver\u00f3nica Andrea Limongelli, que tuvo como tema principal el mal estado del puente internacional.<\/p>\n\n\n\n<p>&#8220;Fue una reuni\u00f3n muy productiva, constructiva y amena, que nos demostr\u00f3 el inter\u00e9s de nuestra c\u00f3nsul en el puente y en todo el trabajo que viene realizando para acercar posiciones y promover el di\u00e1logo entre la Canciller\u00eda argentina y su par brasile\u00f1a&#8221;, explic\u00f3 Flores.<\/p>\n\n\n\n<p>Adem\u00e1s, la titular de la c\u00e1mara en di\u00e1logo con Radionord inform\u00f3 que la gerente de la entidad entreg\u00f3 el proyecto en la Casa de Gobierno de Corrientes, por lo que la propuesta ya se encuentra en manos tanto del Gobierno provincial como de la representaci\u00f3n consular argentina en Uruguayana.<\/p>\n","protected":false},"excerpt":{"rendered":"<p>David Moulin, titular del Distrito 10 de Vialidad Nacional, anunci\u00f3 que en el mes de noviembre se dedicar\u00e1n a realizar tareas de mantenimiento en el Puente Internacional Agust\u00edn P. Justo&hellip; <\/p>\n","protected":false},"author":1,"featured_media":234209,"comment_status":"closed","ping_status":"open","sticky":false,"template":"","format":"standard","meta":{"footnotes":""},"categories":[1],"tags":[],"class_list":["post-234201","post","type-post","status-publish","format-standard","has-post-thumbnail","hentry","category-informacion-general"],"_links":{"self":[{"href":"https:\/\/corrientesdetarde.com\/index.php\/wp-json\/wp\/v2\/posts\/234201","targetHints":{"allow":["GET"]}}],"collection":[{"href":"https:\/\/corrientesdetarde.com\/index.php\/wp-json\/wp\/v2\/posts"}],"about":[{"href":"https:\/\/corrientesdetarde.com\/index.php\/wp-json\/wp\/v2\/types\/post"}],"author":[{"embeddable":true,"href":"https:\/\/corrientesdetarde.com\/index.php\/wp-json\/wp\/v2\/users\/1"}],"replies":[{"embeddable":true,"href":"https:\/\/corrientesdetarde.com\/index.php\/wp-json\/wp\/v2\/comments?post=234201"}],"version-history":[{"count":1,"href":"https:\/\/corrientesdetarde.com\/index.php\/wp-json\/wp\/v2\/posts\/234201\/revisions"}],"predecessor-version":[{"id":234212,"href":"https:\/\/corrientesdetarde.com\/index.php\/wp-json\/wp\/v2\/posts\/234201\/revisions\/234212"}],"wp:featuredmedia":[{"embeddable":true,"href":"https:\/\/corrientesdetarde.com\/index.php\/wp-json\/wp\/v2\/media\/234209"}],"wp:attachment":[{"href":"https:\/\/corrientesdetarde.com\/index.php\/wp-json\/wp\/v2\/media?parent=234201"}],"wp:term":[{"taxonomy":"category","embeddable":true,"href":"https:\/\/corrientesdetarde.com\/index.php\/wp-json\/wp\/v2\/categories?post=234201"},{"taxonomy":"post_tag","embeddable":true,"href":"https:\/\/corrientesdetarde.com\/index.php\/wp-json\/wp\/v2\/tags?post=234201"}],"curies":[{"name":"wp","href":"https:\/\/api.w.org\/{rel}","templated":true}]}}