{"id":234305,"date":"2025-11-03T16:40:03","date_gmt":"2025-11-03T19:40:03","guid":{"rendered":"https:\/\/corrientesdetarde.com\/?p=234305"},"modified":"2025-11-03T16:40:09","modified_gmt":"2025-11-03T19:40:09","slug":"el-empresario-fred-machado-sera-extraditado-este-miercoles-a-estados-unidos","status":"publish","type":"post","link":"https:\/\/corrientesdetarde.com\/index.php\/nacionales\/el-empresario-fred-machado-sera-extraditado-este-miercoles-a-estados-unidos\/","title":{"rendered":"El empresario Fred Machado ser\u00e1 extraditado este mi\u00e9rcoles a Estados Unidos"},"content":{"rendered":"\n<p>Acusado de narcotr\u00e1fico, partir\u00e1 desde Ezeiza bajo un operativo especial. Viajar\u00e1 junto con\u00a0todos los elementos secuestrados\u00a0para ser juzgado en Texas.<\/p>\n\n\n\n<p>El empresario argentino&nbsp;<strong>Federico \u201cFred\u201d Machado<\/strong>, acusado en Estados Unidos de narcotr\u00e1fico y vinculado a&nbsp;<strong>Jos\u00e9 Luis Espert<\/strong>, ser\u00e1 extraditado esta semana hacia Texas.<\/p>\n\n\n\n<p>La extradici\u00f3n fue autorizada por la Corte Suprema el 14 de octubre y fue firmada ese mismo d\u00eda por el Poder Ejecutivo. Machado, de 57 a\u00f1os, est\u00e1 alojado desde el domingo en la<strong>&nbsp;Superintendencia de Investigaciones Federales de la Polic\u00eda Federal Argentina (PFA)<\/strong>&nbsp;en Buenos Aires, a la espera del operativo que contar\u00e1 con la presencia de<strong>&nbsp;U.S. Marshals<\/strong>, la fuerza estadounidense encargada de trasladar presos.<\/p>\n\n\n\n<p>El traslado ser\u00eda el mi\u00e9rcoles 5 de noviembre en&nbsp;<strong>un vuelo de United Airlines<\/strong>, con salida programada a las 22:05 desde el Aeropuerto Internacional de Ezeiza.<\/p>\n\n\n\n<p>Detenido en 2021 en el aeropuerto de Neuqu\u00e9n por una alerta roja de Interpol, Machado cumpl\u00eda prisi\u00f3n domiciliaria hasta el 8 de octubre, cuando el juez federal Gustavo Villanueva orden\u00f3 su traslado a una dependencia policial por m\u00faltiples incumplimientos.<\/p>\n\n\n\n<p>La figura de Machado cobr\u00f3 relevancia tras una denuncia por presuntos aportes irregulares a campa\u00f1as electorales. La investigaci\u00f3n revel\u00f3 una transferencia de&nbsp;<strong>200.000 d\u00f3lares no declarada a Espert<\/strong>&nbsp;durante su campa\u00f1a presidencial de 2019, adem\u00e1s de 36 vuelos en aeronaves de Machado.<\/p>\n\n\n\n<p>Espert explic\u00f3 que el dinero fue por una consultor\u00eda minera en Guatemala relacionada con Minas del Pueblo, una de las empresas del acusado.<\/p>\n\n\n\n<p>Por la magnitud del caso<strong>, Espert renunci\u00f3 a su candidatura a diputado nacional d\u00edas antes de las elecciones<\/strong>&nbsp;del 26 de octubre y se tom\u00f3 licencia del Congreso hasta el 8 de diciembre.<\/p>\n\n\n\n<p>Tras el fallo de la Corte, el Gobierno confirm\u00f3 la extradici\u00f3n de manera inmediata. A trav\u00e9s de la Oficina del Presidente, se instruy\u00f3 a Canciller\u00eda, a la Secretar\u00eda Legal y T\u00e9cnica y a la Jefatura de Gabinete para instrumentar todos los pasos administrativos y diplom\u00e1ticos necesarios.<\/p>\n\n\n\n<p>Antes de ser trasladado, Machado declar\u00f3: \u201c<strong>No soy narco<\/strong>, no tengo nada que ver con drogas, nunca me asoci\u00e9. Estuve en el lugar equivocado, en el momento equivocado y la gente en la que confi\u00e9 pens\u00e9 que eran los buenos y eran los malos\u201d.<\/p>\n\n\n\n<figure class=\"wp-block-image\"><img decoding=\"async\" src=\"https:\/\/tn.com.ar\/resizer\/v2\/jose-luis-espert-foto-juan-vargasna-A77IH57T6JDRLEYFOOEH3626HM.jpg?auth=e439b22c09d71fe9d20d065b9d3a36c5bc032d1c7f2b598af42a96fc673d5767&amp;width=767\" alt=\"Jos\u00e9 Luis Espert  (Foto: Juan Vargas\/NA).\"\/><\/figure>\n\n\n\n<p>Tambi\u00e9n asegur\u00f3 en entrevistas que mantiene contacto con la fiscal\u00eda estadounidense y&nbsp;<strong>neg\u00f3 cualquier vinculaci\u00f3n con narcotr\u00e1fico<\/strong>.<\/p>\n\n\n\n<p>El empresario ser\u00e1 enviado junto con&nbsp;<strong>todos los elementos secuestrados<\/strong>&nbsp;en su momento, incluidos tel\u00e9fonos y documentaci\u00f3n relevante.<\/p>\n\n\n\n<h2 class=\"wp-block-heading\">Qui\u00e9n es Fred Machado<\/h2>\n\n\n\n<p>Machado naci\u00f3 el 2 de enero de 1968, en&nbsp;<strong>Viedma, R\u00edo Negro<\/strong>. Se form\u00f3 como&nbsp;<strong>piloto&nbsp;<\/strong>en Estados Unidos, donde estuvo viviendo durante varios a\u00f1os y recibi\u00f3 el apodo con el que hoy es conocido.<\/p>\n\n\n\n<p>En ese pa\u00eds, comenz\u00f3 su carrera empresarial con foco en la aviaci\u00f3n y proyectos inmobiliarios, aunque para la justicia utilizaba&nbsp;<strong>aeronaves adquiridas mediante fraudes<\/strong>&nbsp;para mover la droga a gran escala, detr\u00e1s de una organizaci\u00f3n facilitaba el<strong>&nbsp;transporte de coca\u00edna<\/strong>&nbsp;desde Colombia, Venezuela, Guatemala y M\u00e9xico hasta el pa\u00eds norteamericano.<\/p>\n\n\n\n<p>Adem\u00e1s, tambi\u00e9n es acusado<strong>&nbsp;por estafar a multimillonarios mediante el Esquema Ponzi<\/strong>. En s\u00edntesis, de acuerdo a la causa, adem\u00e1s captaba inversionistas para la compra de aeronaves que no exist\u00edan con el fin de lavar activos del narcotr\u00e1fico.<\/p>\n\n\n\n<p>Finalmente, en&nbsp;<strong>abril 2021 fue detenido&nbsp;<\/strong>por la Polic\u00eda de Seguridad Aeroportuaria en el aeropuerto de Neuqu\u00e9n, cuando esperaba abordar un avi\u00f3n con destino a Buenos Aires con su pasaporte.<\/p>\n\n\n\n<p><\/p>\n","protected":false},"excerpt":{"rendered":"<p>Acusado de narcotr\u00e1fico, partir\u00e1 desde Ezeiza bajo un operativo especial. Viajar\u00e1 junto con\u00a0todos los elementos secuestrados\u00a0para ser juzgado en Texas. El empresario argentino&nbsp;Federico \u201cFred\u201d Machado, acusado en Estados Unidos de&hellip; <\/p>\n","protected":false},"author":8,"featured_media":234306,"comment_status":"closed","ping_status":"open","sticky":false,"template":"","format":"standard","meta":{"footnotes":""},"categories":[10],"tags":[],"class_list":["post-234305","post","type-post","status-publish","format-standard","has-post-thumbnail","hentry","category-nacionales"],"_links":{"self":[{"href":"https:\/\/corrientesdetarde.com\/index.php\/wp-json\/wp\/v2\/posts\/234305","targetHints":{"allow":["GET"]}}],"collection":[{"href":"https:\/\/corrientesdetarde.com\/index.php\/wp-json\/wp\/v2\/posts"}],"about":[{"href":"https:\/\/corrientesdetarde.com\/index.php\/wp-json\/wp\/v2\/types\/post"}],"author":[{"embeddable":true,"href":"https:\/\/corrientesdetarde.com\/index.php\/wp-json\/wp\/v2\/users\/8"}],"replies":[{"embeddable":true,"href":"https:\/\/corrientesdetarde.com\/index.php\/wp-json\/wp\/v2\/comments?post=234305"}],"version-history":[{"count":1,"href":"https:\/\/corrientesdetarde.com\/index.php\/wp-json\/wp\/v2\/posts\/234305\/revisions"}],"predecessor-version":[{"id":234307,"href":"https:\/\/corrientesdetarde.com\/index.php\/wp-json\/wp\/v2\/posts\/234305\/revisions\/234307"}],"wp:featuredmedia":[{"embeddable":true,"href":"https:\/\/corrientesdetarde.com\/index.php\/wp-json\/wp\/v2\/media\/234306"}],"wp:attachment":[{"href":"https:\/\/corrientesdetarde.com\/index.php\/wp-json\/wp\/v2\/media?parent=234305"}],"wp:term":[{"taxonomy":"category","embeddable":true,"href":"https:\/\/corrientesdetarde.com\/index.php\/wp-json\/wp\/v2\/categories?post=234305"},{"taxonomy":"post_tag","embeddable":true,"href":"https:\/\/corrientesdetarde.com\/index.php\/wp-json\/wp\/v2\/tags?post=234305"}],"curies":[{"name":"wp","href":"https:\/\/api.w.org\/{rel}","templated":true}]}}