{"id":234314,"date":"2025-11-03T16:48:07","date_gmt":"2025-11-03T19:48:07","guid":{"rendered":"https:\/\/corrientesdetarde.com\/?p=234314"},"modified":"2025-11-03T16:48:20","modified_gmt":"2025-11-03T19:48:20","slug":"se-lesiono-un-jugador-titular-de-river-contra-gimnasia-y-se-perdera-el-superclasico-ante-boca","status":"publish","type":"post","link":"https:\/\/corrientesdetarde.com\/index.php\/deportes\/se-lesiono-un-jugador-titular-de-river-contra-gimnasia-y-se-perdera-el-superclasico-ante-boca\/","title":{"rendered":"Se lesion\u00f3 un jugador titular de River contra Gimnasia y se perder\u00e1 el Supercl\u00e1sico ante Boca"},"content":{"rendered":"\n<p>Se confirm\u00f3 la primera ausencia de peso que tendr\u00e1 el equipo de Marcelo Gallardo en v\u00edsperas a su visita a la Bombonera por el Torneo Clausura.<\/p>\n\n\n\n<p><strong>River<\/strong>\u00a0recibi\u00f3 una mala noticia luego de la derrota contra\u00a0<strong>Gimnasia\u00a0<\/strong>que profundi\u00f3 la crisis del equipo de\u00a0<strong>Marcelo Gallardo<\/strong>. Un jugador titular se lesion\u00f3 ante el Lobo y<strong>\u00a0no podr\u00e1 disputar la pr\u00f3xima edici\u00f3n del Supercl\u00e1sico\u00a0<\/strong>que se llevar\u00e1 a cabo este domingo en la Bombonera.<\/p>\n\n\n\n<p>En el tramo inicial del primer tiempo contra el conjunto platense,&nbsp;<strong>Facundo Colidio present\u00f3 una molestia muscular&nbsp;<\/strong>y debi\u00f3 abandonar el campo de juego. El delantero se sent\u00f3 en el banco de suplentes con l\u00e1grimas en los ojos y sus compa\u00f1eros fueron a consolarlo.<\/p>\n\n\n\n<p>A menos de 24 horas de la derrota de River, Colidio se someti\u00f3 a estudios m\u00e9dicos y se confirm\u00f3 que&nbsp;<strong>sufri\u00f3 un desgarro en el isquiotibial izquierdo<\/strong>, seg\u00fan inform\u00f3 el periodista Javier Gil Navarro para ESPN. Por ello, el ex Boca y Tigre estar\u00e1 al menos dos semanas trabajando en su recuperaci\u00f3n.<\/p>\n\n\n\n<figure class=\"wp-block-image\"><img decoding=\"async\" src=\"https:\/\/tn.com.ar\/resizer\/v2\/facundo-colidio-sufrio-un-desgarro-y-se-pierde-el-superclasico-foto-fotobaires-SITLG2FRENFEJHIS3YFUJSNIXI.jpg?auth=05c9de56f67c962c81ac06a6ca41341737fa541d5e932b1165cf8f13404205bb&amp;width=767\" alt=\"Facundo Colidio sufri\u00f3 un desgarro y se pierde el Supercl\u00e1sico. (Foto: Fotobaires)\"\/><\/figure>\n\n\n\n<p>Se trata de la primera ausencia confirmada para el Supercl\u00e1sico de la pr\u00f3xima fecha en el Torneo Clausura. Desde su llegada al club de N\u00fa\u00f1ez, a mediados de 2023, Colidio enfrent\u00f3 cinco veces al Xeneize pero no le pudo convertir. Ahora, se perder\u00e1 el \u00faltimo River &#8211; Boca de 2025 por lesi\u00f3n.<\/p>\n\n\n\n<h2 class=\"wp-block-heading\">River sigue de cerca la evoluci\u00f3n de Gonzalo Montiel<\/h2>\n\n\n\n<p>En la lista de lesionados tambi\u00e9n figura el apellido de&nbsp;<strong>Gonzalo Montiel<\/strong>. Por molestias en la rodilla, el lateral derecho no estuvo presente en el \u00faltimo partido contra Gimnasia y se recupera a contrarreloj para poder esta en el Supercl\u00e1sico.<\/p>\n\n\n\n<p>Si el lateral de la Selecci\u00f3n argentina no llega en \u00f3ptimas condiciones f\u00edsicas al choque contra Boca del domingo, su lugar podr\u00eda ser ocupado por&nbsp;<strong>Fabricio Bustos o Milton Casco<\/strong>.<\/p>\n\n\n\n<p><\/p>\n","protected":false},"excerpt":{"rendered":"<p>Se confirm\u00f3 la primera ausencia de peso que tendr\u00e1 el equipo de Marcelo Gallardo en v\u00edsperas a su visita a la Bombonera por el Torneo Clausura. River\u00a0recibi\u00f3 una mala noticia&hellip; <\/p>\n","protected":false},"author":8,"featured_media":234315,"comment_status":"closed","ping_status":"open","sticky":false,"template":"","format":"standard","meta":{"footnotes":""},"categories":[4],"tags":[],"class_list":["post-234314","post","type-post","status-publish","format-standard","has-post-thumbnail","hentry","category-deportes"],"_links":{"self":[{"href":"https:\/\/corrientesdetarde.com\/index.php\/wp-json\/wp\/v2\/posts\/234314","targetHints":{"allow":["GET"]}}],"collection":[{"href":"https:\/\/corrientesdetarde.com\/index.php\/wp-json\/wp\/v2\/posts"}],"about":[{"href":"https:\/\/corrientesdetarde.com\/index.php\/wp-json\/wp\/v2\/types\/post"}],"author":[{"embeddable":true,"href":"https:\/\/corrientesdetarde.com\/index.php\/wp-json\/wp\/v2\/users\/8"}],"replies":[{"embeddable":true,"href":"https:\/\/corrientesdetarde.com\/index.php\/wp-json\/wp\/v2\/comments?post=234314"}],"version-history":[{"count":1,"href":"https:\/\/corrientesdetarde.com\/index.php\/wp-json\/wp\/v2\/posts\/234314\/revisions"}],"predecessor-version":[{"id":234316,"href":"https:\/\/corrientesdetarde.com\/index.php\/wp-json\/wp\/v2\/posts\/234314\/revisions\/234316"}],"wp:featuredmedia":[{"embeddable":true,"href":"https:\/\/corrientesdetarde.com\/index.php\/wp-json\/wp\/v2\/media\/234315"}],"wp:attachment":[{"href":"https:\/\/corrientesdetarde.com\/index.php\/wp-json\/wp\/v2\/media?parent=234314"}],"wp:term":[{"taxonomy":"category","embeddable":true,"href":"https:\/\/corrientesdetarde.com\/index.php\/wp-json\/wp\/v2\/categories?post=234314"},{"taxonomy":"post_tag","embeddable":true,"href":"https:\/\/corrientesdetarde.com\/index.php\/wp-json\/wp\/v2\/tags?post=234314"}],"curies":[{"name":"wp","href":"https:\/\/api.w.org\/{rel}","templated":true}]}}