{"id":234377,"date":"2025-11-04T00:25:43","date_gmt":"2025-11-04T03:25:43","guid":{"rendered":"https:\/\/corrientesdetarde.com\/?p=234377"},"modified":"2025-11-04T00:26:14","modified_gmt":"2025-11-04T03:26:14","slug":"afirman-que-en-febrero-de-2026-podria-ser-la-ultima-presentacion-de-ricardo-montaner-en-argentina","status":"publish","type":"post","link":"https:\/\/corrientesdetarde.com\/index.php\/espectaculos\/afirman-que-en-febrero-de-2026-podria-ser-la-ultima-presentacion-de-ricardo-montaner-en-argentina\/","title":{"rendered":"Afirman que en febrero de 2026 podr\u00eda ser la \u00faltima presentaci\u00f3n de Ricardo Montaner en Argentina"},"content":{"rendered":"\n<h2 class=\"wp-block-heading\">El cantante anunci\u00f3 su gira \u201cEl \u00daltimo Regreso\u201d para el 21 de febrero en el Movistar Arena. Fuentes de la industria dejaron trascender que podr\u00eda ser su adi\u00f3s.<\/h2>\n\n\n\n<p><strong>Ricardo Montaner<\/strong>&nbsp;anunci\u00f3 este lunes su esperado regreso a los escenarios con una gira mundial que, por su nombre, gener\u00f3 todo tipo de especulaciones:&nbsp;<strong>&#8220;El \u00daltimo Regreso World Tour 2026&#8221;<\/strong>.<\/p>\n\n\n\n<p>Tras el anuncio del tour,&nbsp;<strong>fuentes de la industria dejaron trascender a Noticias Argentinas que esta podr\u00eda ser la \u00faltima serie de presentaciones de Montaner en Argentina<\/strong>, lo que convierte al show en una cita ineludible para sus millones de seguidores en el pa\u00eds.<\/p>\n\n\n\n<p>El propio artista, con m\u00e1s de 40 a\u00f1os de trayectoria, explic\u00f3 la pausa en su carrera y el motivo de su vuelta: &#8220;Un d\u00eda me detuve\u2026 pero ya no puedo m\u00e1s. Los espero en el Tour El \u00daltimo Regreso&#8221;.<\/p>\n\n\n\n<p>En Argentina, la gira, producida por&nbsp;<strong>Fenix Entertainment<\/strong>, tiene una fecha central programada para el&nbsp;<strong>21 de febrero de 2026 en el Movistar Arena<\/strong>&nbsp;de Buenos Aires.<\/p>\n\n\n\n<p>Las entradas para este show saldr\u00e1n a la venta con una&nbsp;<strong>preventa exclusiva del Banco Ciudad<\/strong>&nbsp;este mi\u00e9rcoles 5 de noviembre a las 16:00 hs, a trav\u00e9s de movistararena.com.ar. Una vez que se agote esa instancia, comenzar\u00e1 la venta general.<\/p>\n","protected":false},"excerpt":{"rendered":"<p>El cantante anunci\u00f3 su gira \u201cEl \u00daltimo Regreso\u201d para el 21 de febrero en el Movistar Arena. Fuentes de la industria dejaron trascender que podr\u00eda ser su adi\u00f3s. Ricardo Montaner&nbsp;anunci\u00f3&hellip; <\/p>\n","protected":false},"author":4,"featured_media":234378,"comment_status":"closed","ping_status":"open","sticky":false,"template":"","format":"standard","meta":{"footnotes":""},"categories":[19],"tags":[],"class_list":["post-234377","post","type-post","status-publish","format-standard","has-post-thumbnail","hentry","category-espectaculos"],"_links":{"self":[{"href":"https:\/\/corrientesdetarde.com\/index.php\/wp-json\/wp\/v2\/posts\/234377","targetHints":{"allow":["GET"]}}],"collection":[{"href":"https:\/\/corrientesdetarde.com\/index.php\/wp-json\/wp\/v2\/posts"}],"about":[{"href":"https:\/\/corrientesdetarde.com\/index.php\/wp-json\/wp\/v2\/types\/post"}],"author":[{"embeddable":true,"href":"https:\/\/corrientesdetarde.com\/index.php\/wp-json\/wp\/v2\/users\/4"}],"replies":[{"embeddable":true,"href":"https:\/\/corrientesdetarde.com\/index.php\/wp-json\/wp\/v2\/comments?post=234377"}],"version-history":[{"count":1,"href":"https:\/\/corrientesdetarde.com\/index.php\/wp-json\/wp\/v2\/posts\/234377\/revisions"}],"predecessor-version":[{"id":234379,"href":"https:\/\/corrientesdetarde.com\/index.php\/wp-json\/wp\/v2\/posts\/234377\/revisions\/234379"}],"wp:featuredmedia":[{"embeddable":true,"href":"https:\/\/corrientesdetarde.com\/index.php\/wp-json\/wp\/v2\/media\/234378"}],"wp:attachment":[{"href":"https:\/\/corrientesdetarde.com\/index.php\/wp-json\/wp\/v2\/media?parent=234377"}],"wp:term":[{"taxonomy":"category","embeddable":true,"href":"https:\/\/corrientesdetarde.com\/index.php\/wp-json\/wp\/v2\/categories?post=234377"},{"taxonomy":"post_tag","embeddable":true,"href":"https:\/\/corrientesdetarde.com\/index.php\/wp-json\/wp\/v2\/tags?post=234377"}],"curies":[{"name":"wp","href":"https:\/\/api.w.org\/{rel}","templated":true}]}}