{"id":234380,"date":"2025-11-04T01:58:19","date_gmt":"2025-11-04T04:58:19","guid":{"rendered":"https:\/\/corrientesdetarde.com\/?p=234380"},"modified":"2025-11-04T01:58:50","modified_gmt":"2025-11-04T04:58:50","slug":"cultura-presentara-la-programacion-de-la-noche-de-los-museos-2025","status":"publish","type":"post","link":"https:\/\/corrientesdetarde.com\/index.php\/cultura\/cultura-presentara-la-programacion-de-la-noche-de-los-museos-2025\/","title":{"rendered":"Cultura presentar\u00e1 la programaci\u00f3n de &#8220;La Noche de los Museos 2025&#8221;"},"content":{"rendered":"\n<p>ZEl Instituto de Cultura de Corrientes realizar\u00e1 este mi\u00e9rcoles a las 11 horas, la presentaci\u00f3n oficial de La Noche de los Museos 2025, que se desarrollar\u00e1 en museos y espacios culturales de toda la Provincia. El evento donde tendr\u00e1 lugar el lanzamiento de la propuesta, ser\u00e1\u00a0en el Patio de la Cultura &#8220;Marit\u00e9 Salas&#8221; de dico organismo p\u00fablico, ubicado en San Juan 546 de esta Capital.<\/p>\n\n\n\n<p>La presidenta&nbsp;del Instituto de Cultura, Beatriz Kunin, brindar\u00e1 detalles de la iniciativa, prevista para el s\u00e1bado 8 de noviembre en el horario de 20 a 1 de la madrugada, con distintas muestras, espect\u00e1culos y actividades especiales en museos y espacios culturales. Es as\u00ed que &#8220;una noche especial dar\u00e1 inicio con la inauguraci\u00f3n del Museo de Arte Contempor\u00e1neo de Corrientes, en San Juan 839, que se llevar\u00e1 a cabo a las 20 horas, con la presencia de autoridades provinciales e invitados especiales&#8221;, informaron.<\/p>\n\n\n\n<p>De esta manera, los museos provinciales dependientes del Instituto de Cultura abrir\u00e1n sus puertas para ofrecer a los visitantes una experiencia \u00fanica. Esto incluye al Museo de Ciencias Naturales &#8220;Dr. Amado Bonpland&#8221;; el Museo de Artesan\u00edas Tradicionales (MAT); el Museo Arqueol\u00f3gico y Antropol\u00f3gico, ex Casa Mart\u00ednez; el Museo de Bellas Artes &#8220;Dr. Juan Ram\u00f3n Vidal&#8221;; el Museo Hist\u00f3rico &#8220;Tte. Gobernador Manuel Cabral de Melo y Alpoin&#8221;; el Centro Cultural Sanmartiniano, el Museo del Carnaval Correntino y el Centro de Interpretaci\u00f3n del Chamam\u00e9, futuro Museo del Chamam\u00e9.<\/p>\n\n\n\n<figure class=\"wp-block-image size-full\"><img loading=\"lazy\" decoding=\"async\" width=\"909\" height=\"897\" src=\"https:\/\/corrientesdetarde.com\/wp-content\/uploads\/2025\/11\/image-98.png\" alt=\"\" class=\"wp-image-234381\" srcset=\"https:\/\/corrientesdetarde.com\/wp-content\/uploads\/2025\/11\/image-98.png 909w, https:\/\/corrientesdetarde.com\/wp-content\/uploads\/2025\/11\/image-98-300x296.png 300w, https:\/\/corrientesdetarde.com\/wp-content\/uploads\/2025\/11\/image-98-768x758.png 768w\" sizes=\"auto, (max-width: 909px) 100vw, 909px\" \/><\/figure>\n\n\n\n<p>Tambi\u00e9n confirmaron que participar\u00e1n los espacios culturales municipales de la ciudad de Corrientes, &#8220;Adolfo Mors&#8221; y Casa Molinas;&nbsp;el Palacio de la Legislatura Provincial;&nbsp;el Museo Hist\u00f3rico de V\u00edas Navegables, y distintos centros culturales de las localidades Yapey\u00fa, Loreto, San Miguel, Itat\u00ed, Sauce, Concepci\u00f3n, Santa Ana, Chavarr\u00eda e It\u00e1 Ibat\u00e9.<\/p>\n\n\n\n<p>Habr\u00e1 visitas guiadas, muestras exclusivas y m\u00fasica en vivo con la participaci\u00f3n de los elencos estables de la Direcci\u00f3n de Asuntos Culturales del Senado de la Provincia y la Fundaci\u00f3n Gitane. Adem\u00e1s, se podr\u00e1n disfrutar de intervenciones art\u00edsticas, presentaciones teatrales en el marco del proyecto Teatro Min\u00ed en articulaci\u00f3n con la Delegaci\u00f3n Corrientes de Extensi\u00f3n Universitaria de la Univeisdad Nacional del Nordeste&nbsp;(UNNE) y actividades especiales dise\u00f1adas para todos los gustos y edades.<\/p>\n\n\n\n<p>La Noche de los Museos es una oportunidad para descubrir o redescubrir el patrimonio cultural de Corrientes. Los museos provinciales, cada uno con su propia identidad y rica historia, ser\u00e1n los protagonistas de esta noche tan especial.<\/p>\n","protected":false},"excerpt":{"rendered":"<p>ZEl Instituto de Cultura de Corrientes realizar\u00e1 este mi\u00e9rcoles a las 11 horas, la presentaci\u00f3n oficial de La Noche de los Museos 2025, que se desarrollar\u00e1 en museos y espacios&hellip; <\/p>\n","protected":false},"author":4,"featured_media":234382,"comment_status":"closed","ping_status":"open","sticky":false,"template":"","format":"standard","meta":{"footnotes":""},"categories":[15],"tags":[],"class_list":["post-234380","post","type-post","status-publish","format-standard","has-post-thumbnail","hentry","category-cultura"],"_links":{"self":[{"href":"https:\/\/corrientesdetarde.com\/index.php\/wp-json\/wp\/v2\/posts\/234380","targetHints":{"allow":["GET"]}}],"collection":[{"href":"https:\/\/corrientesdetarde.com\/index.php\/wp-json\/wp\/v2\/posts"}],"about":[{"href":"https:\/\/corrientesdetarde.com\/index.php\/wp-json\/wp\/v2\/types\/post"}],"author":[{"embeddable":true,"href":"https:\/\/corrientesdetarde.com\/index.php\/wp-json\/wp\/v2\/users\/4"}],"replies":[{"embeddable":true,"href":"https:\/\/corrientesdetarde.com\/index.php\/wp-json\/wp\/v2\/comments?post=234380"}],"version-history":[{"count":1,"href":"https:\/\/corrientesdetarde.com\/index.php\/wp-json\/wp\/v2\/posts\/234380\/revisions"}],"predecessor-version":[{"id":234383,"href":"https:\/\/corrientesdetarde.com\/index.php\/wp-json\/wp\/v2\/posts\/234380\/revisions\/234383"}],"wp:featuredmedia":[{"embeddable":true,"href":"https:\/\/corrientesdetarde.com\/index.php\/wp-json\/wp\/v2\/media\/234382"}],"wp:attachment":[{"href":"https:\/\/corrientesdetarde.com\/index.php\/wp-json\/wp\/v2\/media?parent=234380"}],"wp:term":[{"taxonomy":"category","embeddable":true,"href":"https:\/\/corrientesdetarde.com\/index.php\/wp-json\/wp\/v2\/categories?post=234380"},{"taxonomy":"post_tag","embeddable":true,"href":"https:\/\/corrientesdetarde.com\/index.php\/wp-json\/wp\/v2\/tags?post=234380"}],"curies":[{"name":"wp","href":"https:\/\/api.w.org\/{rel}","templated":true}]}}