{"id":234385,"date":"2025-11-04T07:26:15","date_gmt":"2025-11-04T10:26:15","guid":{"rendered":"https:\/\/corrientesdetarde.com\/?p=234385"},"modified":"2025-11-04T07:26:46","modified_gmt":"2025-11-04T10:26:46","slug":"un-muerto-tras-enfrentamiento-a-tiros-en-un-barrio-de-corrientes","status":"publish","type":"post","link":"https:\/\/corrientesdetarde.com\/index.php\/policiales\/un-muerto-tras-enfrentamiento-a-tiros-en-un-barrio-de-corrientes\/","title":{"rendered":"Un muerto tras enfrentamiento a tiros en un barrio de Corrientes"},"content":{"rendered":"\n<p>Un enfrentamiento con disparos de arma de fuego en el barrio Paloma de la Paz finaliz\u00f3 con un muerto y un adolescente herido de gravedad. El homicidio se produjo a la madrugada en cercan\u00edas a la esquina de Valdepe\u00f1as y Francia. La persona ultimada ser\u00eda de apellido Centuri\u00f3n y el joven, de 17 a\u00f1os, responder\u00eda al apodo de &#8220;Laucha&#8221;.<\/p>\n\n\n\n<p>Los incidentes, que investigan la Polic\u00eda, tuvieron como escenario a la zona donde en los \u00faltimos meses hubo numerosas ri\u00f1as entre pandillas<\/p>\n\n\n\n<p><\/p>\n","protected":false},"excerpt":{"rendered":"<p>Un enfrentamiento con disparos de arma de fuego en el barrio Paloma de la Paz finaliz\u00f3 con un muerto y un adolescente herido de gravedad. El homicidio se produjo a&hellip; <\/p>\n","protected":false},"author":1,"featured_media":183100,"comment_status":"closed","ping_status":"open","sticky":false,"template":"","format":"standard","meta":{"footnotes":""},"categories":[33],"tags":[],"class_list":["post-234385","post","type-post","status-publish","format-standard","has-post-thumbnail","hentry","category-policiales"],"_links":{"self":[{"href":"https:\/\/corrientesdetarde.com\/index.php\/wp-json\/wp\/v2\/posts\/234385","targetHints":{"allow":["GET"]}}],"collection":[{"href":"https:\/\/corrientesdetarde.com\/index.php\/wp-json\/wp\/v2\/posts"}],"about":[{"href":"https:\/\/corrientesdetarde.com\/index.php\/wp-json\/wp\/v2\/types\/post"}],"author":[{"embeddable":true,"href":"https:\/\/corrientesdetarde.com\/index.php\/wp-json\/wp\/v2\/users\/1"}],"replies":[{"embeddable":true,"href":"https:\/\/corrientesdetarde.com\/index.php\/wp-json\/wp\/v2\/comments?post=234385"}],"version-history":[{"count":1,"href":"https:\/\/corrientesdetarde.com\/index.php\/wp-json\/wp\/v2\/posts\/234385\/revisions"}],"predecessor-version":[{"id":234389,"href":"https:\/\/corrientesdetarde.com\/index.php\/wp-json\/wp\/v2\/posts\/234385\/revisions\/234389"}],"wp:featuredmedia":[{"embeddable":true,"href":"https:\/\/corrientesdetarde.com\/index.php\/wp-json\/wp\/v2\/media\/183100"}],"wp:attachment":[{"href":"https:\/\/corrientesdetarde.com\/index.php\/wp-json\/wp\/v2\/media?parent=234385"}],"wp:term":[{"taxonomy":"category","embeddable":true,"href":"https:\/\/corrientesdetarde.com\/index.php\/wp-json\/wp\/v2\/categories?post=234385"},{"taxonomy":"post_tag","embeddable":true,"href":"https:\/\/corrientesdetarde.com\/index.php\/wp-json\/wp\/v2\/tags?post=234385"}],"curies":[{"name":"wp","href":"https:\/\/api.w.org\/{rel}","templated":true}]}}