{"id":234386,"date":"2025-11-04T07:24:35","date_gmt":"2025-11-04T10:24:35","guid":{"rendered":"https:\/\/corrientesdetarde.com\/?p=234386"},"modified":"2025-11-04T07:25:06","modified_gmt":"2025-11-04T10:25:06","slug":"un-hombre-colombiano-gatillo-tres-veces-a-un-inspector-de-transito","status":"publish","type":"post","link":"https:\/\/corrientesdetarde.com\/index.php\/locales\/un-hombre-colombiano-gatillo-tres-veces-a-un-inspector-de-transito\/","title":{"rendered":"Un hombre colombiano gatill\u00f3 tres veces a un inspector de tr\u00e1nsito"},"content":{"rendered":"\n<p>Un grave y violento incidente se registr\u00f3 este domingo en la\u00a0<strong>ciudad de Corrientes<\/strong>, cuando un hombre de nacionalidad colombiana atac\u00f3 a inspectores de la Direcci\u00f3n General de Tr\u00e1nsito y Seguridad Vial. El sujeto\u00a0<strong>gatill\u00f3 un arma de fuego en tres ocasiones<\/strong>\u00a0contra un trabajador municipal y golpe\u00f3 a otro, en represalia por el secuestro de su veh\u00edculo.<\/p>\n\n\n\n<p><\/p>\n\n\n\n<p>Fuentes policiales se\u00f1alaron que el supuesto agresor\u00a0<strong>est\u00e1 identificado\u00a0<\/strong>y est\u00e1 siendo buscado para ser aprehendido.\u00a0<\/p>\n\n\n\n<h2 class=\"wp-block-heading\">Negativa al control de alcoholemia y secuestro<\/h2>\n\n\n\n<p>El suceso se inici\u00f3 alrededor de las&nbsp;<strong>7 de la ma\u00f1ana<\/strong>&nbsp;en la intersecci\u00f3n de&nbsp;<strong>avenida Maip\u00fa y Altagracia<\/strong>. Efectivos policiales detectaron a un hombre, de apellido&nbsp;<strong>Caravajal<\/strong>&nbsp;y de aparente nacionalidad colombiana, que conduc\u00eda un veh\u00edculo Volkswagen Fox con&nbsp;<strong>signos evidentes de ebriedad<\/strong>.<\/p>\n\n\n\n<p>Seg\u00fan explic\u00f3&nbsp;<strong>Ricardo Garc\u00eda<\/strong>, director general de Tr\u00e1nsito de la Municipalidad, el conductor se&nbsp;<strong>neg\u00f3 a realizarse el control de alcoholemia<\/strong>&nbsp;y, adem\u00e1s,&nbsp;<strong>no pose\u00eda ning\u00fan tipo de documentaci\u00f3n<\/strong>. Estos motivos llevaron a que el autom\u00f3vil fuera demorado y trasladado a la Direcci\u00f3n de Tr\u00e1nsito.<\/p>\n\n\n\n<h2 class=\"wp-block-heading\">Agresi\u00f3n con arma de fuego y fuga<\/h2>\n\n\n\n<p>Lo m\u00e1s grave del incidente ocurri\u00f3 horas despu\u00e9s, alrededor de las&nbsp;<strong>11 de la ma\u00f1ana<\/strong>. El mismo individuo regres\u00f3 al lugar a bordo de una camioneta gris Renault Alaska y confront\u00f3 violentamente a los trabajadores municipales.<\/p>\n\n\n\n<blockquote class=\"wp-block-quote is-layout-flow wp-block-quote-is-layout-flow\">\n<p>&#8220;Extrae de sus ropas un arma de fuego y&nbsp;<strong>gatilla tres veces al inspector que labr\u00f3 el acta de retiro<\/strong>. Obviamente gracias a Dios no sali\u00f3 el disparo&#8221;, dijo Garc\u00eda a radio Sudamericana.<\/p>\n<\/blockquote>\n\n\n\n<p>El funcionario municipal, Ricardo Garc\u00eda, detall\u00f3 que tras el intento de disparar, el agresor le peg\u00f3 un&nbsp;<strong>culatazo<\/strong>&nbsp;a otro inspector que no estaba directamente involucrado en el operativo y que estaba llegando a la base Artigas.<\/p>\n\n\n\n<p>Luego de la agresi\u00f3n, el sujeto se dio a la fuga. Tras la respectiva denuncia, la&nbsp;<strong>Comisar\u00eda Quinta<\/strong>&nbsp;tom\u00f3 intervenci\u00f3n en el caso. Se inform\u00f3 que las c\u00e1maras del sistema&nbsp;<strong>COM<\/strong>&nbsp;permitieron identificar la camioneta y al agresor gracias al n\u00famero de patente.<\/p>\n","protected":false},"excerpt":{"rendered":"<p>Un grave y violento incidente se registr\u00f3 este domingo en la\u00a0ciudad de Corrientes, cuando un hombre de nacionalidad colombiana atac\u00f3 a inspectores de la Direcci\u00f3n General de Tr\u00e1nsito y Seguridad&hellip; <\/p>\n","protected":false},"author":1,"featured_media":234387,"comment_status":"closed","ping_status":"open","sticky":false,"template":"","format":"standard","meta":{"footnotes":""},"categories":[8],"tags":[],"class_list":["post-234386","post","type-post","status-publish","format-standard","has-post-thumbnail","hentry","category-locales"],"_links":{"self":[{"href":"https:\/\/corrientesdetarde.com\/index.php\/wp-json\/wp\/v2\/posts\/234386","targetHints":{"allow":["GET"]}}],"collection":[{"href":"https:\/\/corrientesdetarde.com\/index.php\/wp-json\/wp\/v2\/posts"}],"about":[{"href":"https:\/\/corrientesdetarde.com\/index.php\/wp-json\/wp\/v2\/types\/post"}],"author":[{"embeddable":true,"href":"https:\/\/corrientesdetarde.com\/index.php\/wp-json\/wp\/v2\/users\/1"}],"replies":[{"embeddable":true,"href":"https:\/\/corrientesdetarde.com\/index.php\/wp-json\/wp\/v2\/comments?post=234386"}],"version-history":[{"count":1,"href":"https:\/\/corrientesdetarde.com\/index.php\/wp-json\/wp\/v2\/posts\/234386\/revisions"}],"predecessor-version":[{"id":234388,"href":"https:\/\/corrientesdetarde.com\/index.php\/wp-json\/wp\/v2\/posts\/234386\/revisions\/234388"}],"wp:featuredmedia":[{"embeddable":true,"href":"https:\/\/corrientesdetarde.com\/index.php\/wp-json\/wp\/v2\/media\/234387"}],"wp:attachment":[{"href":"https:\/\/corrientesdetarde.com\/index.php\/wp-json\/wp\/v2\/media?parent=234386"}],"wp:term":[{"taxonomy":"category","embeddable":true,"href":"https:\/\/corrientesdetarde.com\/index.php\/wp-json\/wp\/v2\/categories?post=234386"},{"taxonomy":"post_tag","embeddable":true,"href":"https:\/\/corrientesdetarde.com\/index.php\/wp-json\/wp\/v2\/tags?post=234386"}],"curies":[{"name":"wp","href":"https:\/\/api.w.org\/{rel}","templated":true}]}}