{"id":234473,"date":"2025-11-04T15:25:19","date_gmt":"2025-11-04T18:25:19","guid":{"rendered":"https:\/\/corrientesdetarde.com\/?p=234473"},"modified":"2025-11-04T15:25:24","modified_gmt":"2025-11-04T18:25:24","slug":"colapinto-hablo-del-gp-de-brasil-y-adelanto-cual-es-el-objetivo-que-se-propuso-con-alpine","status":"publish","type":"post","link":"https:\/\/corrientesdetarde.com\/index.php\/deportes\/colapinto-hablo-del-gp-de-brasil-y-adelanto-cual-es-el-objetivo-que-se-propuso-con-alpine\/","title":{"rendered":"Colapinto habl\u00f3 del GP de Brasil y adelant\u00f3 cu\u00e1l es el objetivo que se propuso con Alpine"},"content":{"rendered":"\n<p>El piloto argentino se ilusion\u00f3 con el apoyo de la hinchada y apunt\u00f3 a un fin de semana cargado de acci\u00f3n por el formato Sprint de la fecha.<\/p>\n\n\n\n<p><strong>Franco Colapinto<\/strong>\u00a0ya puso la mira en el\u00a0<strong>Gran Premio de Brasil<\/strong>\u00a0y no ocult\u00f3 su entusiasmo por volver a correr en Sudam\u00e9rica. El piloto argentino, que el a\u00f1o pasado vivi\u00f3 su primera experiencia en Interlagos como piloto de Williams, comparti\u00f3 sus sensaciones y dej\u00f3 en claro cu\u00e1l ser\u00e1 su objetivo para este fin de semana con el equipo Alpine.<\/p>\n\n\n\n<p>\u201cSiempre es genial volver a Sudam\u00e9rica. Tras haber vivido este evento por primera vez el a\u00f1o pasado,&nbsp;<strong>tengo muchas ganas de volver a la pista frente a todos los hinchas<\/strong>, especialmente con tantos argentinos apoy\u00e1ndome\u201d, expres\u00f3 Colapinto en declaraciones de prensa que brind\u00f3 la a la escuder\u00eda francesa, que siente el respaldo de la hinchada nacional en cada curva.<\/p>\n\n\n\n<p>El joven piloto record\u00f3 lo que fue su debut en Brasil y destac\u00f3 la m\u00edstica del circuito: \u201c<strong>Tuve sentimientos encontrados en la carrera del a\u00f1o pasado en Brasil, pero el circuito de Interlagos es especial para pilotar, ya que tiene mucha historia y un aura \u00fanica<\/strong>\u201d.<\/p>\n\n\n\n<figure class=\"wp-block-image\"><img decoding=\"async\" src=\"https:\/\/tn.com.ar\/resizer\/v2\/colapinto-se-prepara-para-un-fin-de-semana-especial-en-interlagos-foto-reuters-Q5QCATOV4YB2HK73MOQHEKJ3L4.jpg?auth=ff78b6b06284e8d1864f873e190956fe32393d8a4dbd3f7637093527cfeb1ee8&amp;width=767\" alt=\"Colapinto se prepara para un fin de semana especial en Interlagos (Foto: Reuters).\"\/><\/figure>\n\n\n\n<p>Colapinto tambi\u00e9n analiz\u00f3 lo impredecible que puede ser la competencia en Interlagos: \u201cEl a\u00f1o pasado vimos que&nbsp;<strong>en esta carrera puede pasar cualquier cosa, as\u00ed que intentaremos estar preparados y aprovechar cualquier oportunidad que se nos presente<\/strong>, sobre todo porque es un fin de semana de Sprint, con a\u00fan m\u00e1s potencial de acci\u00f3n\u201d.<\/p>\n\n\n\n<p>El argentino, que espera ser confirmado como piloto titular para 2026 en los pr\u00f3ximos d\u00edas, reconoci\u00f3 que la temporada no fue sencilla, pero remarc\u00f3 la importancia de no bajar los brazos: \u201cNo ha sido la temporada m\u00e1s f\u00e1cil para nosotros, pero mantenemos la cabeza en alto y estamos concentrados en hacer el mejor trabajo posible este fin de semana\u201d.<\/p>\n\n\n\n<p>Con la motivaci\u00f3n de correr ante su gente,&nbsp;<strong>Colapinto<\/strong>&nbsp;ingres\u00f3 en la cuenta regresiva de su segunda presentaci\u00f3n en Interlagos, que puede estar rodeada de la noticia m\u00e1s esperada acerca de su futuro en la m\u00e1xima categor\u00eda.<\/p>\n\n\n\n<p><\/p>\n","protected":false},"excerpt":{"rendered":"<p>El piloto argentino se ilusion\u00f3 con el apoyo de la hinchada y apunt\u00f3 a un fin de semana cargado de acci\u00f3n por el formato Sprint de la fecha. Franco Colapinto\u00a0ya&hellip; <\/p>\n","protected":false},"author":8,"featured_media":234474,"comment_status":"closed","ping_status":"open","sticky":false,"template":"","format":"standard","meta":{"footnotes":""},"categories":[4],"tags":[],"class_list":["post-234473","post","type-post","status-publish","format-standard","has-post-thumbnail","hentry","category-deportes"],"_links":{"self":[{"href":"https:\/\/corrientesdetarde.com\/index.php\/wp-json\/wp\/v2\/posts\/234473","targetHints":{"allow":["GET"]}}],"collection":[{"href":"https:\/\/corrientesdetarde.com\/index.php\/wp-json\/wp\/v2\/posts"}],"about":[{"href":"https:\/\/corrientesdetarde.com\/index.php\/wp-json\/wp\/v2\/types\/post"}],"author":[{"embeddable":true,"href":"https:\/\/corrientesdetarde.com\/index.php\/wp-json\/wp\/v2\/users\/8"}],"replies":[{"embeddable":true,"href":"https:\/\/corrientesdetarde.com\/index.php\/wp-json\/wp\/v2\/comments?post=234473"}],"version-history":[{"count":1,"href":"https:\/\/corrientesdetarde.com\/index.php\/wp-json\/wp\/v2\/posts\/234473\/revisions"}],"predecessor-version":[{"id":234475,"href":"https:\/\/corrientesdetarde.com\/index.php\/wp-json\/wp\/v2\/posts\/234473\/revisions\/234475"}],"wp:featuredmedia":[{"embeddable":true,"href":"https:\/\/corrientesdetarde.com\/index.php\/wp-json\/wp\/v2\/media\/234474"}],"wp:attachment":[{"href":"https:\/\/corrientesdetarde.com\/index.php\/wp-json\/wp\/v2\/media?parent=234473"}],"wp:term":[{"taxonomy":"category","embeddable":true,"href":"https:\/\/corrientesdetarde.com\/index.php\/wp-json\/wp\/v2\/categories?post=234473"},{"taxonomy":"post_tag","embeddable":true,"href":"https:\/\/corrientesdetarde.com\/index.php\/wp-json\/wp\/v2\/tags?post=234473"}],"curies":[{"name":"wp","href":"https:\/\/api.w.org\/{rel}","templated":true}]}}