{"id":234479,"date":"2025-11-04T15:54:36","date_gmt":"2025-11-04T18:54:36","guid":{"rendered":"https:\/\/corrientesdetarde.com\/?p=234479"},"modified":"2025-11-04T15:54:44","modified_gmt":"2025-11-04T18:54:44","slug":"karina-milei-recibio-a-los-diputados-electos-de-lla-en-la-casa-rosada-los-detalles-del-encuentro","status":"publish","type":"post","link":"https:\/\/corrientesdetarde.com\/index.php\/politica\/karina-milei-recibio-a-los-diputados-electos-de-lla-en-la-casa-rosada-los-detalles-del-encuentro\/","title":{"rendered":"Karina Milei recibi\u00f3 a los diputados electos de LLA en la Casa Rosada: los detalles del encuentro"},"content":{"rendered":"\n<p>Expusieron el presidente de la C\u00e1mara de Diputados, Mart\u00edn Menem; el exsenador Eduardo Menem y la ministra de Seguridad y senadora electa, Patricia Bullrich.<a href=\"https:\/\/tn.com.ar\/autor\/Isalerno\/\"><\/a><\/p>\n\n\n\n<p><strong>La secretaria general de la Presidencia,\u00a0Karina Milei, recibi\u00f3 a los\u00a0diputados\u00a0electos de La Libertad Avaza en la Casa Rosada<\/strong>. El encuentro comenz\u00f3 a las 13, dur\u00f3 m\u00e1s de una hora y se realiz\u00f3 en el sal\u00f3n H\u00e9roes de Malvinas. Seg\u00fan pudo saber\u00a0, la reuni\u00f3n estuvo enfocada en los t\u00e9rminos organizativos de la C\u00e1mara Baja, como en la forma de dar qu\u00f3rum, el uso del sistema de votaci\u00f3n del recinto y el trabajo en las comisiones.<\/p>\n\n\n\n<p>\u201cHay varios diputados que no tienen experiencia legislativa y que necesitan conocer los detalles de lo que van a hacer\u201d, expresan en Naci\u00f3n. En Balcarce 50 aseguran que la presidenta de&nbsp;<strong>LLA no habl\u00f3 del tratamiento del Presupuesto ni de las reformas laboral y tributaria<\/strong>, que el oficialismo busca sancionar en las sesiones extraordinarias.<\/p>\n\n\n\n<p><strong>El presidente de la C\u00e1mara de Diputados, Mart\u00edn Menem, y el exsenador Eduardo Menem tambi\u00e9n expusieron en la reuni\u00f3n<\/strong>&nbsp;junto con la ministra de Seguridad y senadora electa, Patricia Bullrich, el jefe de bloque de LLA en Diputados, Gabriel Bornoroni, y Nadia M\u00e1rquez. \u201cLa idea era que cuenten su experiencia legislativa\u201d, agregan.<\/p>\n\n\n\n<p>El Gobierno&nbsp;<strong>les entreg\u00f3 a los diputados la Constituci\u00f3n Nacional y el reglamento interno de la C\u00e1mara de Diputados<\/strong>&nbsp;en una bolsa violeta con el logo de La Libertad Avanza. En varios despachos oficiales mantienen la postura de que \u201cnunca estuvo previsto\u201d que Javier Milei participe del evento.<\/p>\n\n\n\n<figure class=\"wp-block-image\"><img decoding=\"async\" src=\"https:\/\/tn.com.ar\/resizer\/v2\/karina-milei-recibio-a-los-diputados-electos-de-la-libertad-avaza-en-la-casa-rosada-ap-fotorodrigo-abd-U2WQH7WC6IPVSVM3ZQU3KH2EVY.jpg?auth=1be856fa40305c5dc37912330b36d96ce8639c514e828e10a2d85d7c0cbb7b58&amp;width=767\" alt=\"Karina Milei recibi\u00f3 a los diputados electos de La Libertad Avaza en la Casa Rosada (AP Foto\/Rodrigo Abd).\"\/><\/figure>\n\n\n\n<p>Es por eso que en la Casa Rosada sostienen que<strong>&nbsp;Karina Milei recibir\u00e1 este mi\u00e9rcoles a los senadores electos de La Libertad Avanza<\/strong>&nbsp;en el Sal\u00f3n H\u00e9ros de Malvinas con la intenci\u00f3n de dar una introducci\u00f3n sobre las \u201cpr\u00e1cticas legislativas\u201d. En Naci\u00f3n manifiestan que el encuentro tendr\u00e1 el mismo esquema que hoy.<\/p>\n\n\n\n<p>El Gobierno confirm\u00f3 que&nbsp;<strong>convocar\u00e1 a sesiones extraordinarias luego de que asuman los legisladores electos<\/strong>&nbsp;y se reconfigure la composici\u00f3n de ambas c\u00e1maras del Congreso. La prioridad es el proyecto del Presupuesto 2026 -que puede incluir la iniciativa que promueve el uso de d\u00f3lares de colch\u00f3n- junto con las reformas laboral y tributaria.<\/p>\n\n\n\n<p>Se trata de la instancia en la que los ministros Patricia Bullrich (Seguridad) y Luis Petri (Defensa) dejar\u00e1n sus cargos en el gabinete para asumir sus bancas legislativas. En el Ejecutivo&nbsp;<strong>mantienen la postura de que Alejandra Monteoliva ser\u00e1 la ministra de Seguridad<\/strong>&nbsp;y reconocen que no hay definiciones sobre el reemplazante del diputado electo por Mendoza.<\/p>\n\n\n\n<p>En la mesa chica de Balcarce 50<strong>&nbsp;circula una lista de nombres que abarcan desde a la actual titular de la Jefatura de Gabinete del ministerio, Luciana Carrasco<\/strong>, hasta el jefe del Estado Mayor General del Ej\u00e9rcito, Carlos Alberto Presti. El ministro estuvo reunido a solas con el presidente luego de la jura de Pablo Quirno como canciller, pero en su entorno insisten con que \u201cno hay una decisi\u00f3n tomada\u201d.<\/p>\n","protected":false},"excerpt":{"rendered":"<p>Expusieron el presidente de la C\u00e1mara de Diputados, Mart\u00edn Menem; el exsenador Eduardo Menem y la ministra de Seguridad y senadora electa, Patricia Bullrich. La secretaria general de la Presidencia,\u00a0Karina&hellip; <\/p>\n","protected":false},"author":8,"featured_media":234480,"comment_status":"closed","ping_status":"open","sticky":false,"template":"","format":"standard","meta":{"footnotes":""},"categories":[3],"tags":[],"class_list":["post-234479","post","type-post","status-publish","format-standard","has-post-thumbnail","hentry","category-politica"],"_links":{"self":[{"href":"https:\/\/corrientesdetarde.com\/index.php\/wp-json\/wp\/v2\/posts\/234479","targetHints":{"allow":["GET"]}}],"collection":[{"href":"https:\/\/corrientesdetarde.com\/index.php\/wp-json\/wp\/v2\/posts"}],"about":[{"href":"https:\/\/corrientesdetarde.com\/index.php\/wp-json\/wp\/v2\/types\/post"}],"author":[{"embeddable":true,"href":"https:\/\/corrientesdetarde.com\/index.php\/wp-json\/wp\/v2\/users\/8"}],"replies":[{"embeddable":true,"href":"https:\/\/corrientesdetarde.com\/index.php\/wp-json\/wp\/v2\/comments?post=234479"}],"version-history":[{"count":1,"href":"https:\/\/corrientesdetarde.com\/index.php\/wp-json\/wp\/v2\/posts\/234479\/revisions"}],"predecessor-version":[{"id":234481,"href":"https:\/\/corrientesdetarde.com\/index.php\/wp-json\/wp\/v2\/posts\/234479\/revisions\/234481"}],"wp:featuredmedia":[{"embeddable":true,"href":"https:\/\/corrientesdetarde.com\/index.php\/wp-json\/wp\/v2\/media\/234480"}],"wp:attachment":[{"href":"https:\/\/corrientesdetarde.com\/index.php\/wp-json\/wp\/v2\/media?parent=234479"}],"wp:term":[{"taxonomy":"category","embeddable":true,"href":"https:\/\/corrientesdetarde.com\/index.php\/wp-json\/wp\/v2\/categories?post=234479"},{"taxonomy":"post_tag","embeddable":true,"href":"https:\/\/corrientesdetarde.com\/index.php\/wp-json\/wp\/v2\/tags?post=234479"}],"curies":[{"name":"wp","href":"https:\/\/api.w.org\/{rel}","templated":true}]}}