{"id":234482,"date":"2025-11-04T15:56:56","date_gmt":"2025-11-04T18:56:56","guid":{"rendered":"https:\/\/corrientesdetarde.com\/?p=234482"},"modified":"2025-11-05T10:01:44","modified_gmt":"2025-11-05T13:01:44","slug":"el-exnovio-de-lourdes-fernandez-fue-procesado-con-prision-preventiva","status":"publish","type":"post","link":"https:\/\/corrientesdetarde.com\/index.php\/espectaculos\/el-exnovio-de-lourdes-fernandez-fue-procesado-con-prision-preventiva\/","title":{"rendered":"El exnovio de Lourdes Fern\u00e1ndez fue procesado con prisi\u00f3n preventiva"},"content":{"rendered":"\n<p>Leandro Garc\u00eda G\u00f3mez fue imputado por lesiones, violencia de g\u00e9nero y privaci\u00f3n ilegitima de la libertad.<\/p>\n\n\n\n<p><strong>Leandro Garc\u00eda G\u00f3mez<\/strong>, expareja de\u00a0Lourdes Fern\u00e1ndez de Bandana, fue procesado con prisi\u00f3n preventiva por el juez Diego Slupsky. El empresario fue imputado por lesiones, violencia de g\u00e9nero y privaci\u00f3n ilegitima de la libertad.<\/p>\n\n\n\n<p>Tras la decisi\u00f3n de la Justicia, Garc\u00eda G\u00f3mez continuar\u00e1 detenido con un&nbsp;<strong>embargo de $15 millones<\/strong>. \u201cA tal fin int\u00edmese al procesado a que, en el t\u00e9rmino de 72 horas de adquirida firmeza la presente, informe si tiene bienes para dar a embargo, haci\u00e9ndole saber que en caso contrario&nbsp;<strong>se dispondr\u00e1 su inhibici\u00f3n general de bienes<\/strong>\u201d, reza el documento judicial.<\/p>\n\n\n\n<p>D\u00edas atr\u00e1s, la justicia de la&nbsp;<strong>Ciudad de Buenos Aires<\/strong>&nbsp;hab\u00eda rechazado su&nbsp;<strong>excarcelaci\u00f3n.&nbsp;<\/strong>Para esta decisi\u00f3n, el juez consider\u00f3 que existen&nbsp;<strong>riesgos procesales de fuga<\/strong>, especialmente por los antecedentes penales del acusado.<\/p>\n\n\n\n<figure class=\"wp-block-image\"><img decoding=\"async\" src=\"https:\/\/tn.com.ar\/resizer\/v2\/asi-se-llevaban-detenido-a-leandro-garcia-gomez-el-exnovio-de-lourdes-fernandez-foto-movilpress-CVJCBSM7YVHKDIMA4OACXSFQVQ.JPG?auth=eece5d9be1243354090badc0cf7ef97e2224249bac592b8e2705f1eb31acccd8&amp;width=767\" alt=\"As\u00ed se llevaban detenido a Leandro Garc\u00eda G\u00f3mez, el exnovio de Lourdes Fern\u00e1ndez. (Foto: Movilpress)\"\/><\/figure>\n\n\n\n<h2 class=\"wp-block-heading\">Lourdes de Bandana cont\u00f3 qu\u00e9 hac\u00eda en el departamento de su exnovio cuando la encontr\u00f3 la polic\u00eda<\/h2>\n\n\n\n<p><strong>Lourdes Fern\u00e1ndez<\/strong>\u00a0cont\u00f3 qu\u00e9 hac\u00eda en el departamento de su exnovio,\u00a0<strong>Leandro Garc\u00eda G\u00f3mez<\/strong>, cuando la encontr\u00f3 la polic\u00eda la semana pasada luego de que su mam\u00e1 hiciera una\u00a0<strong>denuncia<\/strong>.<\/p>\n\n\n\n<p>La cantante dio detalles durante una transmisi\u00f3n en vivo con&nbsp;<strong>Fabiana Cantilo<\/strong>&nbsp;a trav\u00e9s de Instagram. En ese streaming tambi\u00e9n opin\u00f3 de la decisi\u00f3n de la Justicia de&nbsp;<strong>rechazar la excarcelaci\u00f3n<\/strong>&nbsp;del acusado.<\/p>\n\n\n\n<p>En el momento en que Lourdes dijo que \u201chace rato\u201d est\u00e1 separada de Leandro, Fabiana le pregunt\u00f3:&nbsp;<strong>\u201c\u00bfY qu\u00e9 hac\u00edas en el cuarto del se\u00f1or?\u201c<\/strong>. Ante eso, la cantante respondi\u00f3:&nbsp;<strong>\u201dFue su cumplea\u00f1os&#8221;<\/strong>.<\/p>\n\n\n\n<p>Luego, la Bandana relat\u00f3: \u201cEl domingo a la noche me agarr\u00f3&nbsp;<strong>una fiebre tremenda<\/strong>&nbsp;y no pude levantarme, me qued\u00e9 dormida dos d\u00edas con mucha fiebre\u201d.<\/p>\n\n\n\n<figure class=\"wp-block-image\"><img decoding=\"async\" src=\"https:\/\/tn.com.ar\/resizer\/v2\/la-primera-foto-del-exnovio-de-lourdes-de-bandana-detenido-foto-policia-de-la-ciudad-KNKB5BEE25FY5E24LDGLG5CSGE.jpg?auth=67436258f0ab330e7eb6e634d2f47d2b9c3455ef8fa365c8cc784f06189478a9&amp;width=767\" alt=\"La primera foto del exnovio de Lourdes de Bandana detenido (Foto: Polic\u00eda de la Ciudad)\"\/><\/figure>\n\n\n\n<p>Ante las consultas de Fabiana, Lourdes dijo que tom\u00f3 whisky con Leandro y que luego se durmi\u00f3. \u201cEl domingo a la noche cuando me despert\u00e9&nbsp;<strong>me di cuenta de que ten\u00eda anginas<\/strong>. El lunes ten\u00eda que trabajar, pero lo suspend\u00ed\u201d, explic\u00f3.<\/p>\n\n\n\n<p>\u201c\u00bfNo lo mandaste a comprar remedios?\u201c, quiso saber Cantilo. \u201dS\u00ed compr\u00f3, pero no lo mand\u00e9 porque&nbsp;<strong>yo estaba inconsciente por la fiebre<\/strong>\u201c, asegur\u00f3 Fern\u00e1ndez.<\/p>\n\n\n\n<p>\u201c\u00bfTe pegaba el se\u00f1or?<strong>&nbsp;\u00bfTe volvi\u00f3 a pegar?<\/strong>&nbsp;\u00bfMe lo jur\u00e1s por Dios?\u201c, le pregunt\u00f3 Fabiana despu\u00e9s. \u201cNo volvi\u00f3. Te lo juro por Dios, por mis cuerdas vocales. Por eso realmente&nbsp;<strong>estoy muy triste de que hoy le hayan negado la excarcelaci\u00f3n<\/strong>\u201d, manifest\u00f3 Lourdes.<\/p>\n","protected":false},"excerpt":{"rendered":"<p>Leandro Garc\u00eda G\u00f3mez fue imputado por lesiones, violencia de g\u00e9nero y privaci\u00f3n ilegitima de la libertad. Leandro Garc\u00eda G\u00f3mez, expareja de\u00a0Lourdes Fern\u00e1ndez de Bandana, fue procesado con prisi\u00f3n preventiva por&hellip; <\/p>\n","protected":false},"author":8,"featured_media":234483,"comment_status":"closed","ping_status":"open","sticky":false,"template":"","format":"standard","meta":{"footnotes":""},"categories":[23,19],"tags":[],"class_list":["post-234482","post","type-post","status-publish","format-standard","has-post-thumbnail","hentry","category-actualidad","category-espectaculos"],"_links":{"self":[{"href":"https:\/\/corrientesdetarde.com\/index.php\/wp-json\/wp\/v2\/posts\/234482","targetHints":{"allow":["GET"]}}],"collection":[{"href":"https:\/\/corrientesdetarde.com\/index.php\/wp-json\/wp\/v2\/posts"}],"about":[{"href":"https:\/\/corrientesdetarde.com\/index.php\/wp-json\/wp\/v2\/types\/post"}],"author":[{"embeddable":true,"href":"https:\/\/corrientesdetarde.com\/index.php\/wp-json\/wp\/v2\/users\/8"}],"replies":[{"embeddable":true,"href":"https:\/\/corrientesdetarde.com\/index.php\/wp-json\/wp\/v2\/comments?post=234482"}],"version-history":[{"count":1,"href":"https:\/\/corrientesdetarde.com\/index.php\/wp-json\/wp\/v2\/posts\/234482\/revisions"}],"predecessor-version":[{"id":234484,"href":"https:\/\/corrientesdetarde.com\/index.php\/wp-json\/wp\/v2\/posts\/234482\/revisions\/234484"}],"wp:featuredmedia":[{"embeddable":true,"href":"https:\/\/corrientesdetarde.com\/index.php\/wp-json\/wp\/v2\/media\/234483"}],"wp:attachment":[{"href":"https:\/\/corrientesdetarde.com\/index.php\/wp-json\/wp\/v2\/media?parent=234482"}],"wp:term":[{"taxonomy":"category","embeddable":true,"href":"https:\/\/corrientesdetarde.com\/index.php\/wp-json\/wp\/v2\/categories?post=234482"},{"taxonomy":"post_tag","embeddable":true,"href":"https:\/\/corrientesdetarde.com\/index.php\/wp-json\/wp\/v2\/tags?post=234482"}],"curies":[{"name":"wp","href":"https:\/\/api.w.org\/{rel}","templated":true}]}}