{"id":234491,"date":"2025-11-04T16:07:55","date_gmt":"2025-11-04T19:07:55","guid":{"rendered":"https:\/\/corrientesdetarde.com\/?p=234491"},"modified":"2025-11-04T16:08:28","modified_gmt":"2025-11-04T19:08:28","slug":"ricardo-montaner-confirmo-su-ultima-gira-mundial-y-su-familia-reacciono-euforica-era-hora","status":"publish","type":"post","link":"https:\/\/corrientesdetarde.com\/index.php\/espectaculos\/ricardo-montaner-confirmo-su-ultima-gira-mundial-y-su-familia-reacciono-euforica-era-hora\/","title":{"rendered":"Ricardo Montaner confirm\u00f3 su \u00bf\u00faltima? gira mundial y su familia reaccion\u00f3 euf\u00f3rica: \u201cEra hora\u201d"},"content":{"rendered":"\n<p>El cantante visitar\u00e1 varios pa\u00edses y la Argentina est\u00e1 en el primer puesto del listado.<\/p>\n\n\n\n<p>A casi dos a\u00f1os de anunciar su retiro de los escenarios,\u00a0<strong>Ricardo Montaner les comunic\u00f3 a sus seguidores que el 21 de febrero comenzar\u00e1 una gira mundial,<\/strong>\u00a0llamada \u201cEl \u00faltimo regreso\u201d. Ese d\u00eda se presentar\u00e1 en el\u00a0<strong>Arena de Buenos Aires,<\/strong>\u00a0pero luego le seguir\u00e1n otros destinos como C\u00f3rdoba, Montevideo, Asunci\u00f3n, San Jos\u00e9, Bogot\u00e1 y muchos lugares m\u00e1s.<\/p>\n\n\n\n<p><strong>\u201cMi espera termin\u00f3\u201d,<\/strong>&nbsp;escribi\u00f3 en las redes, donde comparti\u00f3 el cronograma del tour que podr\u00eda ser una despedida. Su familia se emocion\u00f3 al leer las muestras de cari\u00f1o y tambi\u00e9n reaccion\u00f3 con mensajes de amor. \u201cPor fin Montaner. Nos fuimos a cantar. Gloria a Dios\u201d, le dijo su esposa, Marlene Salom\u00e9, mientras que su hijo Ricky a\u00f1adi\u00f3: \u201cPor fin\u201d.<\/p>\n\n\n\n<p>Mau no se qued\u00f3 atr\u00e1s. \u201cYa era hora\u201d, indic\u00f3, y Stefi Roitman se sac\u00f3 el sombrero. \u201cEl n\u00famero 1\u2033, sum\u00f3. En nuestro pa\u00eds, el prestigioso int\u00e9rprete aterrizar\u00e1 el 21 de febrero y la preventa de entradas comenzar\u00e1 este mi\u00e9rcoles 5 a las 16. Pero no ser\u00e1 el \u00fanico concierto: el 1 de marzo se trasladar\u00e1 al Estadio Instituto de C\u00f3rdoba.<\/p>\n\n\n\n<figure class=\"wp-block-image\"><img decoding=\"async\" src=\"https:\/\/tn.com.ar\/resizer\/v2\/ricardo-montaner-confirmo-su-gira-mundial-y-su-familia-lo-felicito-foto-instagrammontaner-BJZFMC4TVRFLNHATXWK47E3P2I.JPG?auth=2bc7d5f29d5b19214775b2661e25185919fda527db6bcd15e43b6efcdde530c3&amp;width=767\" alt=\"Ricardo Montaner confirm\u00f3 su gira mundial y su familia lo felicit\u00f3. (Foto: instagram\/montaner)\"\/><\/figure>\n\n\n\n<p>\u201cUn d\u00eda me detuve\u2026 pero ya no puedo m\u00e1s. Los espero en el Tour El \u00daltimo Regreso\u201d, asegur\u00f3 Ricardo, que no ve la hora de reencontrarse con sus seguidores.<\/p>\n\n\n\n<figure class=\"wp-block-image\"><img decoding=\"async\" src=\"https:\/\/tn.com.ar\/resizer\/v2\/ricardo-montaner-vendra-a-la-argentina-en-febrero-foto-prensamontaner-legacy-WW3LKIPGJFCH5O3OYDW2JX27V4.jpg?auth=96967ea204bc1442395eaedcdcca2b6771e10cf56ba510a7b76d702297427c8d&amp;width=767\" alt=\"Ricardo Montaner vendr\u00e1 a la Argentina en febrero. (Foto: prensa\/Montaner Legacy).\"\/><\/figure>\n","protected":false},"excerpt":{"rendered":"<p>El cantante visitar\u00e1 varios pa\u00edses y la Argentina est\u00e1 en el primer puesto del listado. A casi dos a\u00f1os de anunciar su retiro de los escenarios,\u00a0Ricardo Montaner les comunic\u00f3 a&hellip; <\/p>\n","protected":false},"author":8,"featured_media":234492,"comment_status":"closed","ping_status":"open","sticky":false,"template":"","format":"standard","meta":{"footnotes":""},"categories":[19],"tags":[],"class_list":["post-234491","post","type-post","status-publish","format-standard","has-post-thumbnail","hentry","category-espectaculos"],"_links":{"self":[{"href":"https:\/\/corrientesdetarde.com\/index.php\/wp-json\/wp\/v2\/posts\/234491","targetHints":{"allow":["GET"]}}],"collection":[{"href":"https:\/\/corrientesdetarde.com\/index.php\/wp-json\/wp\/v2\/posts"}],"about":[{"href":"https:\/\/corrientesdetarde.com\/index.php\/wp-json\/wp\/v2\/types\/post"}],"author":[{"embeddable":true,"href":"https:\/\/corrientesdetarde.com\/index.php\/wp-json\/wp\/v2\/users\/8"}],"replies":[{"embeddable":true,"href":"https:\/\/corrientesdetarde.com\/index.php\/wp-json\/wp\/v2\/comments?post=234491"}],"version-history":[{"count":1,"href":"https:\/\/corrientesdetarde.com\/index.php\/wp-json\/wp\/v2\/posts\/234491\/revisions"}],"predecessor-version":[{"id":234493,"href":"https:\/\/corrientesdetarde.com\/index.php\/wp-json\/wp\/v2\/posts\/234491\/revisions\/234493"}],"wp:featuredmedia":[{"embeddable":true,"href":"https:\/\/corrientesdetarde.com\/index.php\/wp-json\/wp\/v2\/media\/234492"}],"wp:attachment":[{"href":"https:\/\/corrientesdetarde.com\/index.php\/wp-json\/wp\/v2\/media?parent=234491"}],"wp:term":[{"taxonomy":"category","embeddable":true,"href":"https:\/\/corrientesdetarde.com\/index.php\/wp-json\/wp\/v2\/categories?post=234491"},{"taxonomy":"post_tag","embeddable":true,"href":"https:\/\/corrientesdetarde.com\/index.php\/wp-json\/wp\/v2\/tags?post=234491"}],"curies":[{"name":"wp","href":"https:\/\/api.w.org\/{rel}","templated":true}]}}