{"id":234552,"date":"2025-11-04T21:59:28","date_gmt":"2025-11-05T00:59:28","guid":{"rendered":"https:\/\/corrientesdetarde.com\/?p=234552"},"modified":"2025-11-05T10:03:22","modified_gmt":"2025-11-05T13:03:22","slug":"la-drastica-decision-que-tomo-juanita-tinelli-con-respecto-a-su-futuro-laboral-no-esta","status":"publish","type":"post","link":"https:\/\/corrientesdetarde.com\/index.php\/espectaculos\/la-drastica-decision-que-tomo-juanita-tinelli-con-respecto-a-su-futuro-laboral-no-esta\/","title":{"rendered":"La dr\u00e1stica decisi\u00f3n que tom\u00f3 Juanita Tinelli con respecto a su futuro laboral: \u201cNo esta&#8230;&#8221;"},"content":{"rendered":"\n<h2 class=\"wp-block-heading\">La modelo se ausentar\u00e1 al streaming donde trabaja junto a Marcelo Tinelli.<\/h2>\n\n\n\n<p>La denuncia por amenazas de muerte que<strong>&nbsp;Juanita Tinelli&nbsp;<\/strong>hizo p\u00fablica en los \u00faltimos d\u00edas, gener\u00f3 preocupaci\u00f3n por ella y a su vez cuestionamiento sobre la veracidad de sus hechos, seg\u00fan las declaraciones de personas cercanas a la familia.&nbsp;<\/p>\n\n\n\n<p>El empresario\u00a0<strong>Gustavo Scaglione<\/strong>, titular de\u00a0<strong>Telefe<\/strong>, neg\u00f3 la supuesta llamada intimidatoria a trav\u00e9s de un comunicado de prensa.<\/p>\n\n\n\n<p>La inesperada interna familiar que sali\u00f3 a la luz tras la denuncia de Juanita fue alimentada por sus recientes actitudes, como dejar de seguir en redes sociales a su padre y a su media hermana,&nbsp;<strong>Cande Tinelli<\/strong>.<\/p>\n\n\n\n<p>El periodista&nbsp;<strong>Juan Etchegoyen<\/strong>&nbsp;revel\u00f3 la dr\u00e1stica decisi\u00f3n que tom\u00f3 la modelo con respecto a su futuro laboral, ya que comparte mesa en el programa<em>&nbsp;\u201cEstamos de paso\u201d (Carnaval)<\/em>&nbsp;junto a Marcelo y Candelaria.<\/p>\n\n\n\n<p>\u201cMe cuentan que&nbsp;<strong>Juanita no ir\u00e1 al streaming esta semana<\/strong>&nbsp;y que ser\u00eda&nbsp;<strong>una decisi\u00f3n tomada<\/strong>&nbsp;<strong>abandonar el ciclo que conduce Marcelo<\/strong>, sobre todo mientras se aclara lo que pas\u00f3\u201d, inform\u00f3 el periodista.<\/p>\n\n\n\n<p>En la misma l\u00ednea, tambi\u00e9n record\u00f3 que esta semana<strong>&nbsp;la modelo decidi\u00f3 quedarse en Buenos Aires junto a su madre Paula Robles, mientras que Tinelli y el resto de su familia viaj\u00f3 a Punta del Este<\/strong>&nbsp;para \u201cdespedir\u201d su casa de verano.<\/p>\n\n\n\n<p>\u201cMi informaci\u00f3n es que Juanita le dice chau a&nbsp;<em>Estamos de paso<\/em>&nbsp;y que&nbsp;<strong>no est\u00e1 formando parte de las grabaciones del reality<\/strong>\u201d, sum\u00f3.<\/p>\n\n\n\n<p>Adem\u00e1s, aclar\u00f3 que si bien pareciera haber un quiebre entre Juanita y Marcelo Hugo, la relaci\u00f3n se mantiene intacta: \u201cDesde algunos sectores del periodismo se instal\u00f3 la idea de una pelea, pero&nbsp;<strong>Marcelo Tinelli y su hija no est\u00e1n enfrentados<\/strong>. \u00c9l comprende mejor que nadie lo que pas\u00f3 y siempre estar\u00e1 al lado de sus hijos\u201d.<\/p>\n","protected":false},"excerpt":{"rendered":"<p>La modelo se ausentar\u00e1 al streaming donde trabaja junto a Marcelo Tinelli. La denuncia por amenazas de muerte que&nbsp;Juanita Tinelli&nbsp;hizo p\u00fablica en los \u00faltimos d\u00edas, gener\u00f3 preocupaci\u00f3n por ella y&hellip; <\/p>\n","protected":false},"author":4,"featured_media":234553,"comment_status":"closed","ping_status":"open","sticky":false,"template":"","format":"standard","meta":{"footnotes":""},"categories":[23,19],"tags":[],"class_list":["post-234552","post","type-post","status-publish","format-standard","has-post-thumbnail","hentry","category-actualidad","category-espectaculos"],"_links":{"self":[{"href":"https:\/\/corrientesdetarde.com\/index.php\/wp-json\/wp\/v2\/posts\/234552","targetHints":{"allow":["GET"]}}],"collection":[{"href":"https:\/\/corrientesdetarde.com\/index.php\/wp-json\/wp\/v2\/posts"}],"about":[{"href":"https:\/\/corrientesdetarde.com\/index.php\/wp-json\/wp\/v2\/types\/post"}],"author":[{"embeddable":true,"href":"https:\/\/corrientesdetarde.com\/index.php\/wp-json\/wp\/v2\/users\/4"}],"replies":[{"embeddable":true,"href":"https:\/\/corrientesdetarde.com\/index.php\/wp-json\/wp\/v2\/comments?post=234552"}],"version-history":[{"count":1,"href":"https:\/\/corrientesdetarde.com\/index.php\/wp-json\/wp\/v2\/posts\/234552\/revisions"}],"predecessor-version":[{"id":234554,"href":"https:\/\/corrientesdetarde.com\/index.php\/wp-json\/wp\/v2\/posts\/234552\/revisions\/234554"}],"wp:featuredmedia":[{"embeddable":true,"href":"https:\/\/corrientesdetarde.com\/index.php\/wp-json\/wp\/v2\/media\/234553"}],"wp:attachment":[{"href":"https:\/\/corrientesdetarde.com\/index.php\/wp-json\/wp\/v2\/media?parent=234552"}],"wp:term":[{"taxonomy":"category","embeddable":true,"href":"https:\/\/corrientesdetarde.com\/index.php\/wp-json\/wp\/v2\/categories?post=234552"},{"taxonomy":"post_tag","embeddable":true,"href":"https:\/\/corrientesdetarde.com\/index.php\/wp-json\/wp\/v2\/tags?post=234552"}],"curies":[{"name":"wp","href":"https:\/\/api.w.org\/{rel}","templated":true}]}}