{"id":234562,"date":"2025-11-05T10:05:03","date_gmt":"2025-11-05T13:05:03","guid":{"rendered":"https:\/\/corrientesdetarde.com\/?p=234562"},"modified":"2025-11-05T10:05:34","modified_gmt":"2025-11-05T13:05:34","slug":"detienen-a-cuatreros-mientras-faenaban-un-ternero-a-la-vera-de-la-ruta-14","status":"publish","type":"post","link":"https:\/\/corrientesdetarde.com\/index.php\/policiales\/detienen-a-cuatreros-mientras-faenaban-un-ternero-a-la-vera-de-la-ruta-14\/","title":{"rendered":"Detienen a cuatreros mientras faenaban un ternero a la vera de la ruta 14"},"content":{"rendered":"\n<p>En la tarde de ayer, mientras se realizaba un mega operativo en conjunto de todas las unidades de polic\u00eda rural de la provincia al mismo tiempo, personal de la Polic\u00eda Rural de Paso de los Libres, a cargo del Of. Ayte. Pablo Olivera, detuvo un Fiat Palio Weekend gris sobre Ruta 14 km 498.<\/p>\n\n\n\n<figure class=\"wp-block-image\"><img decoding=\"async\" src=\"https:\/\/www.diarioellibertador.com.ar\/wp-content\/uploads\/2025\/11\/998bc0b6-956a-459c-b8c1-f13e04af8b68.jpg\" alt=\"\" class=\"wp-image-371608\"\/><\/figure>\n\n\n\n<p>En el veh\u00edculo viajaban dos hombres de apellidos D Y R, qui\u00e9nes estaban faenando un ternero al costado de la ruta, un animal vacuno faenado con marca y se\u00f1al visible que obviamente no era de ellos.<\/p>\n\n\n\n<p>Por orden del Fiscal Dr. Facundo Sotelo, se secuestr\u00f3 el auto, el animal, prendas de vestir y se aprehendi\u00f3 a los involucrados por abigeato en flagrancia.<\/p>\n","protected":false},"excerpt":{"rendered":"<p>En la tarde de ayer, mientras se realizaba un mega operativo en conjunto de todas las unidades de polic\u00eda rural de la provincia al mismo tiempo, personal de la Polic\u00eda&hellip; <\/p>\n","protected":false},"author":1,"featured_media":234572,"comment_status":"closed","ping_status":"open","sticky":false,"template":"","format":"standard","meta":{"footnotes":""},"categories":[33],"tags":[],"class_list":["post-234562","post","type-post","status-publish","format-standard","has-post-thumbnail","hentry","category-policiales"],"_links":{"self":[{"href":"https:\/\/corrientesdetarde.com\/index.php\/wp-json\/wp\/v2\/posts\/234562","targetHints":{"allow":["GET"]}}],"collection":[{"href":"https:\/\/corrientesdetarde.com\/index.php\/wp-json\/wp\/v2\/posts"}],"about":[{"href":"https:\/\/corrientesdetarde.com\/index.php\/wp-json\/wp\/v2\/types\/post"}],"author":[{"embeddable":true,"href":"https:\/\/corrientesdetarde.com\/index.php\/wp-json\/wp\/v2\/users\/1"}],"replies":[{"embeddable":true,"href":"https:\/\/corrientesdetarde.com\/index.php\/wp-json\/wp\/v2\/comments?post=234562"}],"version-history":[{"count":1,"href":"https:\/\/corrientesdetarde.com\/index.php\/wp-json\/wp\/v2\/posts\/234562\/revisions"}],"predecessor-version":[{"id":234576,"href":"https:\/\/corrientesdetarde.com\/index.php\/wp-json\/wp\/v2\/posts\/234562\/revisions\/234576"}],"wp:featuredmedia":[{"embeddable":true,"href":"https:\/\/corrientesdetarde.com\/index.php\/wp-json\/wp\/v2\/media\/234572"}],"wp:attachment":[{"href":"https:\/\/corrientesdetarde.com\/index.php\/wp-json\/wp\/v2\/media?parent=234562"}],"wp:term":[{"taxonomy":"category","embeddable":true,"href":"https:\/\/corrientesdetarde.com\/index.php\/wp-json\/wp\/v2\/categories?post=234562"},{"taxonomy":"post_tag","embeddable":true,"href":"https:\/\/corrientesdetarde.com\/index.php\/wp-json\/wp\/v2\/tags?post=234562"}],"curies":[{"name":"wp","href":"https:\/\/api.w.org\/{rel}","templated":true}]}}