{"id":234563,"date":"2025-11-05T10:03:52","date_gmt":"2025-11-05T13:03:52","guid":{"rendered":"https:\/\/corrientesdetarde.com\/?p=234563"},"modified":"2025-11-05T10:04:04","modified_gmt":"2025-11-05T13:04:04","slug":"demoraron-un-camion-con-carga-de-neumaticos-en-el-puente","status":"publish","type":"post","link":"https:\/\/corrientesdetarde.com\/index.php\/destacados\/demoraron-un-camion-con-carga-de-neumaticos-en-el-puente\/","title":{"rendered":"Demoraron un cami\u00f3n con carga de neum\u00e1ticos en el puente"},"content":{"rendered":"\n<p>Un cami\u00f3n de transporte de paqueter\u00eda fue demorado en el marco del operativo de seguridad &#8220;Plan Paran\u00e1&#8221;, coordinado entre la Polic\u00eda del Chaco y fuerzas nacionales. El veh\u00edculo trasladaba una carga de neum\u00e1ticos valuada en m\u00e1s de 5,5 millones de pesos, sin la documentaci\u00f3n correspondiente.&nbsp;<\/p>\n\n\n\n<p>El procedimiento se llev\u00f3 a cabo cerca de la 1:30 de la madrugada en el puesto de control del Puente General Belgrano, donde efectivos de la Prefectura Naval Argentina detuvieron un cami\u00f3n Iveco con semirremolque, conducido por un hombre de 29 a\u00f1os que viajaba desde Chaco hacia Buenos Aires.<\/p>\n\n\n\n<p>Durante la inspecci\u00f3n con el esc\u00e1ner FC-24, los agentes detectaron la presencia de cubiertas y art\u00edculos varios entre la carga. Ante las irregularidades, se dio intervenci\u00f3n al Juzgado Federal N\u00b0 1, a cargo del Dr. Javier Pastore, quien dispuso el traslado del veh\u00edculo hasta la Aduana de Barranqueras.<\/p>\n\n\n\n<p>All\u00ed, y en presencia de testigos, se realiz\u00f3 la apertura del cami\u00f3n, encontr\u00e1ndose un bulto con 11 cubiertas rodado 17. Por disposici\u00f3n judicial, la mercader\u00eda fue secuestrada por presunta infracci\u00f3n al C\u00f3digo Aduanero (Ley 22.415), mientras que el conductor fue notificado y la carga qued\u00f3 bajo resguardo.<\/p>\n\n\n\n<p>Seg\u00fan las primeras estimaciones, el valor total del cargamento asciende a unos $5.500.000, en el marco de los controles reforzados que se realizan en la zona del Paran\u00e1 para combatir el contrabando y otros delitos federales.<\/p>\n","protected":false},"excerpt":{"rendered":"<p>Un cami\u00f3n de transporte de paqueter\u00eda fue demorado en el marco del operativo de seguridad &#8220;Plan Paran\u00e1&#8221;, coordinado entre la Polic\u00eda del Chaco y fuerzas nacionales. El veh\u00edculo trasladaba una&hellip; <\/p>\n","protected":false},"author":1,"featured_media":234568,"comment_status":"closed","ping_status":"open","sticky":false,"template":"","format":"standard","meta":{"footnotes":""},"categories":[26],"tags":[],"class_list":["post-234563","post","type-post","status-publish","format-standard","has-post-thumbnail","hentry","category-destacados"],"_links":{"self":[{"href":"https:\/\/corrientesdetarde.com\/index.php\/wp-json\/wp\/v2\/posts\/234563","targetHints":{"allow":["GET"]}}],"collection":[{"href":"https:\/\/corrientesdetarde.com\/index.php\/wp-json\/wp\/v2\/posts"}],"about":[{"href":"https:\/\/corrientesdetarde.com\/index.php\/wp-json\/wp\/v2\/types\/post"}],"author":[{"embeddable":true,"href":"https:\/\/corrientesdetarde.com\/index.php\/wp-json\/wp\/v2\/users\/1"}],"replies":[{"embeddable":true,"href":"https:\/\/corrientesdetarde.com\/index.php\/wp-json\/wp\/v2\/comments?post=234563"}],"version-history":[{"count":1,"href":"https:\/\/corrientesdetarde.com\/index.php\/wp-json\/wp\/v2\/posts\/234563\/revisions"}],"predecessor-version":[{"id":234571,"href":"https:\/\/corrientesdetarde.com\/index.php\/wp-json\/wp\/v2\/posts\/234563\/revisions\/234571"}],"wp:featuredmedia":[{"embeddable":true,"href":"https:\/\/corrientesdetarde.com\/index.php\/wp-json\/wp\/v2\/media\/234568"}],"wp:attachment":[{"href":"https:\/\/corrientesdetarde.com\/index.php\/wp-json\/wp\/v2\/media?parent=234563"}],"wp:term":[{"taxonomy":"category","embeddable":true,"href":"https:\/\/corrientesdetarde.com\/index.php\/wp-json\/wp\/v2\/categories?post=234563"},{"taxonomy":"post_tag","embeddable":true,"href":"https:\/\/corrientesdetarde.com\/index.php\/wp-json\/wp\/v2\/tags?post=234563"}],"curies":[{"name":"wp","href":"https:\/\/api.w.org\/{rel}","templated":true}]}}