{"id":234564,"date":"2025-11-05T09:59:58","date_gmt":"2025-11-05T12:59:58","guid":{"rendered":"https:\/\/corrientesdetarde.com\/?p=234564"},"modified":"2025-11-05T10:00:10","modified_gmt":"2025-11-05T13:00:10","slug":"detuvieron-al-presunto-autor-material-del-homicidio-en-el-barrio-paloma-de-la-paz","status":"publish","type":"post","link":"https:\/\/corrientesdetarde.com\/index.php\/locales\/detuvieron-al-presunto-autor-material-del-homicidio-en-el-barrio-paloma-de-la-paz\/","title":{"rendered":"detuvieron al presunto autor material del homicidio en el barrio Paloma de la Paz"},"content":{"rendered":"\n<p>La Polic\u00eda de Corrientes detuvo al supuesto autor material del crimen de Enzo Centuri\u00f3n, ocurrido en el capitalino barrio La Paz. Se trata de un hombre identificado con el alias &#8220;Chuky&#8221;, quien estar\u00eda se\u00f1alado de haber ultimado de un balazo a su v\u00edctima. El fatal episodio ocurri\u00f3 ayer martes por la madrugada.\u00a0<\/p>\n\n\n\n<p>A su vez, los polic\u00edas tambi\u00e9n detuvieron otros dos hombres a quienes se los acusa de haberles entregado el arma homicida y encubrir a los atacantes.<\/p>\n\n\n\n<p>En tanto, un cuarto involucrado, quien ya habr\u00eda sido identificado, se encuentra en car\u00e1cter de pr\u00f3fugo.<\/p>\n\n\n\n<p>Vale recordar que Enzo Centuri\u00f3n perdi\u00f3 la vida en el acto debido a las lesiones ocasionadas por un proyectil que hizo blanco en el lado izquierdo del pecho.<\/p>\n\n\n\n<p>La v\u00edctima mortal de la balacera camin\u00f3 unos pocos pasos antes de caer en la calle junto a un peque\u00f1o charco de agua.<\/p>\n\n\n\n<p>Las fuentes consultadas precisaron que un tercer sujeto, demorado ayer a la ma\u00f1ana, ser\u00eda quien facilit\u00f3 el arma de fuego empleada para cometer el crimen.<\/p>\n\n\n\n<p>Los dos homicidas y sus v\u00edctimas manten\u00edan un encono en medio del cual, seg\u00fan datos extraoficiales, cruzaron amenazas. &#8220;Los cuatro tuvieron problemas legales por distintos delitos&#8221;, explicaron las fuentes consultadas.<\/p>\n\n\n\n<p>El problema entre ambas partes estar\u00eda ligado en forma directa a la venta de drogas en la zona, adem\u00e1s de una enemistad de pandillas de los barrios Paloma de la Paz, Irup\u00e9 y Villa Raquel (&#8220;Loma Linda&#8221;) que protagonizaron numerosas ri\u00f1as callejeras.<\/p>\n","protected":false},"excerpt":{"rendered":"<p>La Polic\u00eda de Corrientes detuvo al supuesto autor material del crimen de Enzo Centuri\u00f3n, ocurrido en el capitalino barrio La Paz. Se trata de un hombre identificado con el alias&hellip; <\/p>\n","protected":false},"author":1,"featured_media":234566,"comment_status":"closed","ping_status":"open","sticky":false,"template":"","format":"standard","meta":{"footnotes":""},"categories":[8],"tags":[],"class_list":["post-234564","post","type-post","status-publish","format-standard","has-post-thumbnail","hentry","category-locales"],"_links":{"self":[{"href":"https:\/\/corrientesdetarde.com\/index.php\/wp-json\/wp\/v2\/posts\/234564","targetHints":{"allow":["GET"]}}],"collection":[{"href":"https:\/\/corrientesdetarde.com\/index.php\/wp-json\/wp\/v2\/posts"}],"about":[{"href":"https:\/\/corrientesdetarde.com\/index.php\/wp-json\/wp\/v2\/types\/post"}],"author":[{"embeddable":true,"href":"https:\/\/corrientesdetarde.com\/index.php\/wp-json\/wp\/v2\/users\/1"}],"replies":[{"embeddable":true,"href":"https:\/\/corrientesdetarde.com\/index.php\/wp-json\/wp\/v2\/comments?post=234564"}],"version-history":[{"count":1,"href":"https:\/\/corrientesdetarde.com\/index.php\/wp-json\/wp\/v2\/posts\/234564\/revisions"}],"predecessor-version":[{"id":234567,"href":"https:\/\/corrientesdetarde.com\/index.php\/wp-json\/wp\/v2\/posts\/234564\/revisions\/234567"}],"wp:featuredmedia":[{"embeddable":true,"href":"https:\/\/corrientesdetarde.com\/index.php\/wp-json\/wp\/v2\/media\/234566"}],"wp:attachment":[{"href":"https:\/\/corrientesdetarde.com\/index.php\/wp-json\/wp\/v2\/media?parent=234564"}],"wp:term":[{"taxonomy":"category","embeddable":true,"href":"https:\/\/corrientesdetarde.com\/index.php\/wp-json\/wp\/v2\/categories?post=234564"},{"taxonomy":"post_tag","embeddable":true,"href":"https:\/\/corrientesdetarde.com\/index.php\/wp-json\/wp\/v2\/tags?post=234564"}],"curies":[{"name":"wp","href":"https:\/\/api.w.org\/{rel}","templated":true}]}}