{"id":234608,"date":"2025-11-05T13:28:18","date_gmt":"2025-11-05T16:28:18","guid":{"rendered":"https:\/\/corrientesdetarde.com\/?p=234608"},"modified":"2025-11-05T13:28:31","modified_gmt":"2025-11-05T16:28:31","slug":"acv-isquemico-presentaron-avances-de-la-red-de-atencion-provincial-para-prevenir-la-patologia","status":"publish","type":"post","link":"https:\/\/corrientesdetarde.com\/index.php\/bienestar-y-salud\/acv-isquemico-presentaron-avances-de-la-red-de-atencion-provincial-para-prevenir-la-patologia\/","title":{"rendered":"ACV isqu\u00e9mico: presentaron avances de la red de atenci\u00f3n provincial para prevenir la patolog\u00eda"},"content":{"rendered":"\n<p>En un acto desarrollado en el Sal\u00f3n Verde de Casa de Gobierno, el Ministerio de Salud P\u00fablica de la Provincia realiz\u00f3 la presentaci\u00f3n de los avances de la Red Integrada de Atenci\u00f3n del Accidente Cerebrovascular Isqu\u00e9mico, creada por Resoluci\u00f3n Ministerial 2566\/20.<\/p>\n\n\n\n<p>Cabe resaltar que el pasado 29 de octubre se record\u00f3 el D\u00eda Mundial del Accidente Cerebrovascular (ACV), que es la primera causa de discapacidad permanente en el mundo y la segunda causa de muerte en adultos mayores. Siendo el ACV Isqu\u00e9mico el m\u00e1s frecuente de los tipos de ACV.<\/p>\n\n\n\n<p>El tratamiento hiperagudo del Accidente Cerebrovascular Isqu\u00e9mico (ACV) es fundamental para mejorar los resultados y reducir la discapacidad.&nbsp; La presentaci\u00f3n de la red en este contexto se refiere a la organizaci\u00f3n y protocolos de atenci\u00f3n r\u00e1pida y coordinada para pacientes que presentan s\u00edntomas de ACV agudo.<\/p>\n\n\n\n<p><strong>Ministro Cardozo<\/strong><\/p>\n\n\n\n<p>Al tomar la palabra, el ministro de Salud P\u00fablica, Ricardo Cardozo, resalt\u00f3 que gracias al trabajo en equipo de la&nbsp;Red Integrada de Atenci\u00f3n del Accidente Cerebrovascular Isqu\u00e9mico \u201chemos transformado la modalidad de la atenci\u00f3n en Corrientes\u201d y en ese sentido asegur\u00f3 que \u201cvamos casa por casa, vamos al interior, utilizando una Red espec\u00edfica para cada patolog\u00eda, articulando con otras redes\u201d.<\/p>\n\n\n\n<p>Continuando, el ministro dijo que la salud no solo se desarrolla dentro de las cuatro paredes de los hospitales, ya que \u201cafuera hay mucho por hacer, lo que descomprime el trabajo en los hospitales, disminuyendo los gastos al detectar de manera precoz las patolog\u00edas de ACV, con resultados alentadores para los pacientes\u201d.<\/p>\n\n\n\n<p>Luego, Cardozo subray\u00f3 la necesidad de tratar al paciente afectado por un ACV con la \u201cmayor celeridad, siendo la ventana de tiempo algo clave y a fin de otorgarle posteriormente un tratamiento eficaz\u201d.<\/p>\n\n\n\n<p>\u201cEl objetivo es seguir ampliando la Red en toda la provincia para lograr el diagn\u00f3stico preciso y r\u00e1pido en cada paciente, sea un ACV isqu\u00e9mico o hemorr\u00e1gico\u201d, agreg\u00f3 Cardozo, qui\u00e9n para concluir se mostr\u00f3 orgulloso de que Corrientes cuenta con dicha Red y agradeci\u00f3 a todos aquellos que \u201cnos ayudan a atender esta patolog\u00eda que tiene una alta mortalidad en la poblaci\u00f3n\u201d.<\/p>\n\n\n\n<p><strong>En detalle<\/strong><\/p>\n\n\n\n<p>La presentaci\u00f3n estuvo a cargo del Coordinador de la Red Integrada de Atenci\u00f3n, Dr. H\u00e9ctor \u00c1lvarez, que puso de relieve que el ACV es una de las 4 principales causas de muerte en la Argentina y el mundo, con 18000 muertes al a\u00f1o en Argentina.<\/p>\n\n\n\n<p>Asimismo, detall\u00f3 que el ACV es la primera causa de discapacidad en Argentina y el mundo y aproximadamente 1 de cada 50 personas, mayores de 40 a\u00f1os, tuvieron un ACV en la Argentina.<\/p>\n\n\n\n<p>&nbsp;Seg\u00fan proyecciones 1 de cada 4 personas tendr\u00e1n un ACV en su vida y aproximadamente 55.350 personas tienen un ACV en la Argentina por a\u00f1o.<\/p>\n\n\n\n<p>Respecto a Corrientes, inform\u00f3 que se estiman que se producen m\u00e1s de 2.000 ACV por a\u00f1o.<\/p>\n\n\n\n<p>El facultativo coment\u00f3 que existen tratamientos que modifican el curso de la enfermedad, los que s\u00f3lo son eficaces si se aplican precozmente.<\/p>\n\n\n\n<p>En ese sentido, se\u00f1al\u00f3 que la Terapia de Reperfusi\u00f3n consiste en la apertura de la arteria y restablecimiento del flujo sangu\u00edneo, con estos procedimientos: Trombolisis Endovenosa: con Alteplase (rTPA) o Tenecteplase (TNK), hasta 4,5 horas desde el inicio de los s\u00edntomas. Recanalizaci\u00f3n Endovascular: entre 6 horas y 24 horas. (Trombectom\u00eda Mec\u00e1nica).<\/p>\n\n\n\n<p>Continuando con su presentaci\u00f3n, \u00c1lvarez puntualiz\u00f3 que los objetivos espec\u00edficos de la Red apuntan a disminuir el impacto que producen los ACV en la salud de la poblaci\u00f3n; coordinar&nbsp; todas las acciones del sistema de salud destinadas a la prevenci\u00f3n y asistencia precoz y oportuna; fortalecer las interacciones entre las instituciones y asegurar equidad en la atenci\u00f3n de los pacientes.<\/p>\n\n\n\n<p>Sobre los objetivos generales, coment\u00f3 que buscan disminuir los tiempos de atenci\u00f3n, acortando las distancias, siendo fundamental la ventaja terape\u00fatica.<\/p>\n\n\n\n<p>La Red cuenta con dos Centros Integrales especializados en la atenci\u00f3n de ACV, que son el Hospital Escuela General San Martin y el Instituto de Cardiolog\u00eda Corrientes y se prolonga con los Centros Primarios en la atenci\u00f3n de ACV en el Hospital Muniagurria \u2013 Goya; Hospital Irastorza \u2013 Curuz\u00fa Cuati\u00e1; Hospital San Jos\u00e9 &#8211; Paso de los Libres; Hospital San Juan Bautista &#8211; Santo Tom\u00e9; Hospital El Salvador \u2013 Bella Vista; Hospital de Esquina; Hospital de Ituzaing\u00f3; Hospital Gobernador Virasoro; Hospital de Mercedes; Hospital de Monte Caseros y Hospital de Saladas.<\/p>\n\n\n\n<p>En tanto, H\u00e9ctor \u00c1lvarez hizo hincapi\u00e9 en la labor de docencia para atacar de lleno esta problem\u00e1tica de la salud, para lo cual, insisti\u00f3 se trabaja fuerte en jornadas de capacitaci\u00f3n a nivel provincial, destinadas a m\u00e9dicos de emergencia y terapia intensiva, enfermeros, param\u00e9dicos,&nbsp; choferes de ambulancia, admisi\u00f3n de hospitales, cursos virtuales de manejos de tratamiento del ACV con apoyo de la iniciativa Angels y por Telemedicina en los Centros primarios y sat\u00e9lites, logrando adem\u00e1s un registro de pacientes en la Red Provincial y en el registro mundial RES-Q.<\/p>\n\n\n\n<p>Cerrando con su exposici\u00f3n, \u00c1lvarez destac\u00f3 que la prevenci\u00f3n es fundamental para prevenir los accidentes cerebrovasculares y en ese horizonte enfatiz\u00f3 la importancia de controlar las enfermedades card\u00edacas, el manejo de stress y la depresi\u00f3n, identificar y tratar la hipertensi\u00f3n arterial, manejo de la diabetes de las personas ya que son las que tienen mayor riesgo de sufrir ACV, tener una dieta saludable y balanceada, ejercitarse 5 veces a la semana, mantener un peso adecuado, dejar de fumar, reducir el colesterol y la ingesta de alcohol.<\/p>\n\n\n\n<p><strong>Presencias<\/strong><\/p>\n\n\n\n<p>Acompa\u00f1aron el acto, los coordinadores de las Redes Cr\u00edticas de ACV, Patricia de la Fuente y Fabi\u00e1n Plano; subsecretarios y directores del ministerio de Salud P\u00fablica y autoridades municipales.<\/p>\n\n\n\n<figure class=\"wp-block-image size-large\"><img loading=\"lazy\" decoding=\"async\" width=\"1024\" height=\"682\" src=\"https:\/\/corrientesdetarde.com\/wp-content\/uploads\/2025\/11\/image-164-1024x682.png\" alt=\"\" class=\"wp-image-234609\" srcset=\"https:\/\/corrientesdetarde.com\/wp-content\/uploads\/2025\/11\/image-164-1024x682.png 1024w, https:\/\/corrientesdetarde.com\/wp-content\/uploads\/2025\/11\/image-164-300x200.png 300w, https:\/\/corrientesdetarde.com\/wp-content\/uploads\/2025\/11\/image-164-768x512.png 768w, https:\/\/corrientesdetarde.com\/wp-content\/uploads\/2025\/11\/image-164-1536x1023.png 1536w, https:\/\/corrientesdetarde.com\/wp-content\/uploads\/2025\/11\/image-164.png 1600w\" sizes=\"auto, (max-width: 1024px) 100vw, 1024px\" \/><\/figure>\n\n\n\n<figure class=\"wp-block-image size-large\"><img loading=\"lazy\" decoding=\"async\" width=\"1024\" height=\"682\" src=\"https:\/\/corrientesdetarde.com\/wp-content\/uploads\/2025\/11\/image-165-1024x682.png\" alt=\"\" class=\"wp-image-234610\" srcset=\"https:\/\/corrientesdetarde.com\/wp-content\/uploads\/2025\/11\/image-165-1024x682.png 1024w, https:\/\/corrientesdetarde.com\/wp-content\/uploads\/2025\/11\/image-165-300x200.png 300w, https:\/\/corrientesdetarde.com\/wp-content\/uploads\/2025\/11\/image-165-768x512.png 768w, https:\/\/corrientesdetarde.com\/wp-content\/uploads\/2025\/11\/image-165-1536x1023.png 1536w, https:\/\/corrientesdetarde.com\/wp-content\/uploads\/2025\/11\/image-165.png 1600w\" sizes=\"auto, (max-width: 1024px) 100vw, 1024px\" \/><\/figure>\n\n\n\n<figure class=\"wp-block-image size-large\"><img loading=\"lazy\" decoding=\"async\" width=\"1024\" height=\"684\" src=\"https:\/\/corrientesdetarde.com\/wp-content\/uploads\/2025\/11\/image-166-1024x684.png\" alt=\"\" class=\"wp-image-234611\" srcset=\"https:\/\/corrientesdetarde.com\/wp-content\/uploads\/2025\/11\/image-166-1024x684.png 1024w, https:\/\/corrientesdetarde.com\/wp-content\/uploads\/2025\/11\/image-166-300x200.png 300w, https:\/\/corrientesdetarde.com\/wp-content\/uploads\/2025\/11\/image-166-768x513.png 768w, https:\/\/corrientesdetarde.com\/wp-content\/uploads\/2025\/11\/image-166-1536x1025.png 1536w, https:\/\/corrientesdetarde.com\/wp-content\/uploads\/2025\/11\/image-166.png 1600w\" sizes=\"auto, (max-width: 1024px) 100vw, 1024px\" \/><\/figure>\n\n\n\n<figure class=\"wp-block-image size-large\"><img loading=\"lazy\" decoding=\"async\" width=\"1024\" height=\"682\" src=\"https:\/\/corrientesdetarde.com\/wp-content\/uploads\/2025\/11\/image-167-1024x682.png\" alt=\"\" class=\"wp-image-234612\" srcset=\"https:\/\/corrientesdetarde.com\/wp-content\/uploads\/2025\/11\/image-167-1024x682.png 1024w, https:\/\/corrientesdetarde.com\/wp-content\/uploads\/2025\/11\/image-167-300x200.png 300w, https:\/\/corrientesdetarde.com\/wp-content\/uploads\/2025\/11\/image-167-768x512.png 768w, https:\/\/corrientesdetarde.com\/wp-content\/uploads\/2025\/11\/image-167-1536x1023.png 1536w, https:\/\/corrientesdetarde.com\/wp-content\/uploads\/2025\/11\/image-167.png 1600w\" sizes=\"auto, (max-width: 1024px) 100vw, 1024px\" \/><\/figure>\n","protected":false},"excerpt":{"rendered":"<p>En un acto desarrollado en el Sal\u00f3n Verde de Casa de Gobierno, el Ministerio de Salud P\u00fablica de la Provincia realiz\u00f3 la presentaci\u00f3n de los avances de la Red Integrada&hellip; <\/p>\n","protected":false},"author":8,"featured_media":234610,"comment_status":"closed","ping_status":"open","sticky":false,"template":"","format":"standard","meta":{"footnotes":""},"categories":[16],"tags":[],"class_list":["post-234608","post","type-post","status-publish","format-standard","has-post-thumbnail","hentry","category-bienestar-y-salud"],"_links":{"self":[{"href":"https:\/\/corrientesdetarde.com\/index.php\/wp-json\/wp\/v2\/posts\/234608","targetHints":{"allow":["GET"]}}],"collection":[{"href":"https:\/\/corrientesdetarde.com\/index.php\/wp-json\/wp\/v2\/posts"}],"about":[{"href":"https:\/\/corrientesdetarde.com\/index.php\/wp-json\/wp\/v2\/types\/post"}],"author":[{"embeddable":true,"href":"https:\/\/corrientesdetarde.com\/index.php\/wp-json\/wp\/v2\/users\/8"}],"replies":[{"embeddable":true,"href":"https:\/\/corrientesdetarde.com\/index.php\/wp-json\/wp\/v2\/comments?post=234608"}],"version-history":[{"count":1,"href":"https:\/\/corrientesdetarde.com\/index.php\/wp-json\/wp\/v2\/posts\/234608\/revisions"}],"predecessor-version":[{"id":234613,"href":"https:\/\/corrientesdetarde.com\/index.php\/wp-json\/wp\/v2\/posts\/234608\/revisions\/234613"}],"wp:featuredmedia":[{"embeddable":true,"href":"https:\/\/corrientesdetarde.com\/index.php\/wp-json\/wp\/v2\/media\/234610"}],"wp:attachment":[{"href":"https:\/\/corrientesdetarde.com\/index.php\/wp-json\/wp\/v2\/media?parent=234608"}],"wp:term":[{"taxonomy":"category","embeddable":true,"href":"https:\/\/corrientesdetarde.com\/index.php\/wp-json\/wp\/v2\/categories?post=234608"},{"taxonomy":"post_tag","embeddable":true,"href":"https:\/\/corrientesdetarde.com\/index.php\/wp-json\/wp\/v2\/tags?post=234608"}],"curies":[{"name":"wp","href":"https:\/\/api.w.org\/{rel}","templated":true}]}}