{"id":234614,"date":"2025-11-05T13:31:07","date_gmt":"2025-11-05T16:31:07","guid":{"rendered":"https:\/\/corrientesdetarde.com\/?p=234614"},"modified":"2025-11-05T13:31:14","modified_gmt":"2025-11-05T16:31:14","slug":"terrile-recibio-a-remeros-que-se-destacaron-en-el-campeonato-argentino","status":"publish","type":"post","link":"https:\/\/corrientesdetarde.com\/index.php\/deportes\/terrile-recibio-a-remeros-que-se-destacaron-en-el-campeonato-argentino\/","title":{"rendered":"Terrile recibi\u00f3 a remeros que se destacaron en el Campeonato Argentino"},"content":{"rendered":"\n<p>El Secretario de Deportes de la Provincia Jorge Terrile, recibi\u00f3 este mi\u00e9rcoles a los remeros que participaron recientemente en el Campeonato Argentino de Remo que tuvo lugar en la pista nacional, ubicada en Tigre (Bs As).<\/p>\n\n\n\n<p>La delegaci\u00f3n correntina estuvo integrada por los atletas: Alejandro G\u00f3mez Enr\u00edquez, Enzo Luj\u00e1n, Irina y Sabrina Zibelman, \u00c1ngeles Ayala, Juan Cruz Sandoval, Juli\u00e1n Galarza, Fiorela M\u00e9ndez y el entrenador Leandro L\u00f3pez Rivadeneiro.<\/p>\n\n\n\n<p>Durante el encuentro, los deportistas compartieron sus experiencias en el certamen y la exigente preparaci\u00f3n previa, destacando la intensidad de los entrenamientos y la determinaci\u00f3n necesaria para competir a nivel nacional.<\/p>\n\n\n\n<p>Asimismo, expresaron sus planes y proyectos para continuar desarrollando su carrera deportiva, con la firme intenci\u00f3n de seguir representando a Corrientes en futuras competencias.<\/p>\n\n\n\n<p>Por su parte, el Secretario de Deportes subray\u00f3 el compromiso del Gobierno de la Provincia de Corrientes con el desarrollo del deporte, en este caso con el remo, una disciplina que ha demostrado un crecimiento constante.<\/p>\n\n\n\n<p>\u201cDesde el Gobierno de la Provincia, estamos firmemente comprometidos con el apoyo a nuestros atletas, brind\u00e1ndoles las herramientas necesarias para que puedan alcanzar su m\u00e1ximo potencial\u201d, afirm\u00f3 Terrile.<\/p>\n\n\n\n<p><strong>Resultados<\/strong><\/p>\n\n\n\n<p>En el marco de certamen, se destacaron: Sabrina e Irina Zibelman, finalizando en segunda posici\u00f3n (medalla de plata) en Final A doble intermedio. Por su parte, Fiorela M\u00e9ndez y \u00c1ngeles Ayala quedaron en tercera ubicaci\u00f3n (medalla de bronce) en Final A doble junior.<\/p>\n\n\n\n<p>En tanto, Alejandro G\u00f3mez Enrique y Enzo Lujan lograron el cuarto puerto en la Final A doble intermedio.&nbsp; Sabrina Zibelman fue cuarto puesto en Final A single intermedio. \u00c1ngeles Ayala: primer puesto en Final B single junior.<\/p>\n\n\n\n<p>Enzo Luj\u00e1n: primer puesto en Final B single intermedio. Alejandro G\u00f3mez Enr\u00edquez: segundo puesto en Final B single intermedio. Juan Cruz Sandoval: tercer puesto en Final B Single Menor. Juan Cruz Sandoval y Juli\u00e1n Galarza: cuarto puesto en Final B doble menor y<\/p>\n\n\n\n<p>Juli\u00e1n Galarza: cuarto puesto en Final C single menor.<\/p>\n","protected":false},"excerpt":{"rendered":"<p>El Secretario de Deportes de la Provincia Jorge Terrile, recibi\u00f3 este mi\u00e9rcoles a los remeros que participaron recientemente en el Campeonato Argentino de Remo que tuvo lugar en la pista&hellip; <\/p>\n","protected":false},"author":8,"featured_media":234615,"comment_status":"closed","ping_status":"open","sticky":false,"template":"","format":"standard","meta":{"footnotes":""},"categories":[4],"tags":[],"class_list":["post-234614","post","type-post","status-publish","format-standard","has-post-thumbnail","hentry","category-deportes"],"_links":{"self":[{"href":"https:\/\/corrientesdetarde.com\/index.php\/wp-json\/wp\/v2\/posts\/234614","targetHints":{"allow":["GET"]}}],"collection":[{"href":"https:\/\/corrientesdetarde.com\/index.php\/wp-json\/wp\/v2\/posts"}],"about":[{"href":"https:\/\/corrientesdetarde.com\/index.php\/wp-json\/wp\/v2\/types\/post"}],"author":[{"embeddable":true,"href":"https:\/\/corrientesdetarde.com\/index.php\/wp-json\/wp\/v2\/users\/8"}],"replies":[{"embeddable":true,"href":"https:\/\/corrientesdetarde.com\/index.php\/wp-json\/wp\/v2\/comments?post=234614"}],"version-history":[{"count":1,"href":"https:\/\/corrientesdetarde.com\/index.php\/wp-json\/wp\/v2\/posts\/234614\/revisions"}],"predecessor-version":[{"id":234616,"href":"https:\/\/corrientesdetarde.com\/index.php\/wp-json\/wp\/v2\/posts\/234614\/revisions\/234616"}],"wp:featuredmedia":[{"embeddable":true,"href":"https:\/\/corrientesdetarde.com\/index.php\/wp-json\/wp\/v2\/media\/234615"}],"wp:attachment":[{"href":"https:\/\/corrientesdetarde.com\/index.php\/wp-json\/wp\/v2\/media?parent=234614"}],"wp:term":[{"taxonomy":"category","embeddable":true,"href":"https:\/\/corrientesdetarde.com\/index.php\/wp-json\/wp\/v2\/categories?post=234614"},{"taxonomy":"post_tag","embeddable":true,"href":"https:\/\/corrientesdetarde.com\/index.php\/wp-json\/wp\/v2\/tags?post=234614"}],"curies":[{"name":"wp","href":"https:\/\/api.w.org\/{rel}","templated":true}]}}