{"id":234678,"date":"2025-11-05T16:17:39","date_gmt":"2025-11-05T19:17:39","guid":{"rendered":"https:\/\/corrientesdetarde.com\/?p=234678"},"modified":"2025-11-05T16:17:47","modified_gmt":"2025-11-05T19:17:47","slug":"juana-viale-se-sincero-sobre-la-supuesta-pelea-con-marcela-tinayre-tras-faltar-al-cumpleanos-estaba-cansada","status":"publish","type":"post","link":"https:\/\/corrientesdetarde.com\/index.php\/espectaculos\/juana-viale-se-sincero-sobre-la-supuesta-pelea-con-marcela-tinayre-tras-faltar-al-cumpleanos-estaba-cansada\/","title":{"rendered":"Juana Viale se sincer\u00f3 sobre la supuesta pelea con Marcela Tinayre tras faltar al cumplea\u00f1os: \u201cEstaba cansada\u201d"},"content":{"rendered":"\n<p>La conductora rompi\u00f3 el silencio y explic\u00f3 por qu\u00e9 no asisti\u00f3 a la fiesta de su mam\u00e1. Adem\u00e1s, aclar\u00f3 si est\u00e1n distanciadas como aseguran en televisi\u00f3n.<\/p>\n\n\n\n<p>Los rumores sobre una pelea entre\u00a0<strong>Juana Viale y Marcela Tinayre<\/strong>\u00a0ven\u00edan sonando fuerte desde hace semanas. Pero fue la propia conductora de\u00a0<em>Almorzando con Juana<\/em>\u00a0(<em>eltrece<\/em>) quien decidi\u00f3 ponerle fin a las versiones.<\/p>\n\n\n\n<p>Con su estilo directo, Juana habl\u00f3 con la prensa y aclar\u00f3 que&nbsp;<strong>no hay ning\u00fan conflicto serio con su madre<\/strong>, aunque reconoci\u00f3 que \u2014como en cualquier familia\u2014 existen diferencias.<\/p>\n\n\n\n<p>\u201cHay tantos rumores que han pasado por mi vida que uno m\u00e1s, uno menos. No vivo de rumores, yo\u201d, lanz\u00f3 con una sonrisa, intentando bajarle el tono a la pol\u00e9mica.<\/p>\n\n\n\n<figure class=\"wp-block-image\"><img decoding=\"async\" src=\"https:\/\/tn.com.ar\/resizer\/v2\/el-clan-legrand-tinayre-poso-por-primera-vez-con-looks-de-lujo-para-la-revista-viva-foto-ariel-grimberg-para-clarin-NPJNUD5G3VEUBAFCEG3UWHKV74.jpg?auth=99cece5f8bba6f4e299242e3f31b3ef1e4f6009a8c542ba168f8c8fb3f9cc246&amp;width=767\" alt=\"El clan Legrand Tinayre pos\u00f3 por primera vez con looks de lujo para la revista Viva. (Foto: Ariel Grimberg para Clar\u00edn)\"\/><\/figure>\n\n\n\n<p>La nieta de Mirtha Legrand tambi\u00e9n explic\u00f3 por qu\u00e9&nbsp;<strong>no fue al cumplea\u00f1os de Marcela<\/strong>, hecho que desat\u00f3 las especulaciones. \u201cEstaba cansada, no ten\u00eda ganas de ir al cumplea\u00f1os. Hab\u00eda tanta gente&#8230; no me daba el cuero\u201d, admiti\u00f3 sin vueltas.<\/p>\n\n\n\n<p>Consultada sobre la versi\u00f3n de que&nbsp;<strong>no se hablar\u00edan desde hace dos meses<\/strong>, fue contundente. \u201cMe habl\u00e9 todos los d\u00edas que estuve de viaje. Y si hubiese pasado, no lo expondr\u00eda ac\u00e1 tampoco. Tengo 43 a\u00f1os y una madre&#8230; \u00bfc\u00f3mo no me voy a pelear?\u201d, respondi\u00f3 con iron\u00eda, dejando claro que no hay drama detr\u00e1s de la ausencia.<\/p>\n\n\n\n<h2 class=\"wp-block-heading\">C\u00f3mo empezaron los rumores de una pelea entre Juana Viale y Marcela Tinayre<\/h2>\n\n\n\n<p>Los rumores de distanciamiento hab\u00edan surgido en&nbsp;<em>Intrusos<\/em>&nbsp;(<em>Am\u00e9rica<\/em>). All\u00ed, Adri\u00e1n Pallares cont\u00f3 que Juana no habr\u00eda asistido al festejo del 75\u00b0 cumplea\u00f1os de Marcela y que esa ausencia habr\u00eda encendido las alarmas.<\/p>\n\n\n\n<p>\u201cEl 31 de octubre&nbsp;<strong>Marcela Tinayre festej\u00f3 su cumplea\u00f1os&nbsp;<\/strong>y estaba rodeada de familiares y amigos, estaba su mam\u00e1, su nieto, \u00c1mbar&#8230; pero no estaba Juana\u201d, se\u00f1al\u00f3 el conductor.<\/p>\n\n\n\n<p>Su compa\u00f1ero, Rodrigo Lussich, agreg\u00f3 m\u00e1s informaci\u00f3n sobre lo ocurrido: \u201cLa ausencia no se debi\u00f3 a que estaba de viaje o grabando, ni a un compromiso ineludible\u201d.<\/p>\n\n\n\n<p>En ese contexto, Pallares asegur\u00f3 que la relaci\u00f3n entre madre e hija atravesaba un momento tenso.<\/p>\n\n\n\n<p>\u201cNadie lo sab\u00eda hasta este momento: Juana no se habla con Marcela desde hace dos meses\u201d, afirm\u00f3 en el ciclo, destacando que \u201cno fue al cumplea\u00f1os por enojo\u201d.<\/p>\n\n\n\n<p>Mientras tanto,&nbsp;<strong>Marcela Tinayre tambi\u00e9n llam\u00f3 la atenci\u00f3n en redes sociales<\/strong>&nbsp;con un posteo que algunos interpretaron como una chicana hacia su madre, Mirtha Legrand. El gesto sum\u00f3 m\u00e1s condimento al clima familiar, aunque Juana insisti\u00f3 en que entre ellas todo est\u00e1 bien.<\/p>\n\n\n\n<p>Con humor y cierta distancia del esc\u00e1ndalo medi\u00e1tico, la actriz y conductora cerr\u00f3 el tema con una frase que lo dice todo: \u201cEstaba cansada, nada m\u00e1s\u201d.<\/p>\n","protected":false},"excerpt":{"rendered":"<p>La conductora rompi\u00f3 el silencio y explic\u00f3 por qu\u00e9 no asisti\u00f3 a la fiesta de su mam\u00e1. Adem\u00e1s, aclar\u00f3 si est\u00e1n distanciadas como aseguran en televisi\u00f3n. Los rumores sobre una&hellip; <\/p>\n","protected":false},"author":8,"featured_media":234679,"comment_status":"closed","ping_status":"open","sticky":false,"template":"","format":"standard","meta":{"footnotes":""},"categories":[19],"tags":[],"class_list":["post-234678","post","type-post","status-publish","format-standard","has-post-thumbnail","hentry","category-espectaculos"],"_links":{"self":[{"href":"https:\/\/corrientesdetarde.com\/index.php\/wp-json\/wp\/v2\/posts\/234678","targetHints":{"allow":["GET"]}}],"collection":[{"href":"https:\/\/corrientesdetarde.com\/index.php\/wp-json\/wp\/v2\/posts"}],"about":[{"href":"https:\/\/corrientesdetarde.com\/index.php\/wp-json\/wp\/v2\/types\/post"}],"author":[{"embeddable":true,"href":"https:\/\/corrientesdetarde.com\/index.php\/wp-json\/wp\/v2\/users\/8"}],"replies":[{"embeddable":true,"href":"https:\/\/corrientesdetarde.com\/index.php\/wp-json\/wp\/v2\/comments?post=234678"}],"version-history":[{"count":1,"href":"https:\/\/corrientesdetarde.com\/index.php\/wp-json\/wp\/v2\/posts\/234678\/revisions"}],"predecessor-version":[{"id":234680,"href":"https:\/\/corrientesdetarde.com\/index.php\/wp-json\/wp\/v2\/posts\/234678\/revisions\/234680"}],"wp:featuredmedia":[{"embeddable":true,"href":"https:\/\/corrientesdetarde.com\/index.php\/wp-json\/wp\/v2\/media\/234679"}],"wp:attachment":[{"href":"https:\/\/corrientesdetarde.com\/index.php\/wp-json\/wp\/v2\/media?parent=234678"}],"wp:term":[{"taxonomy":"category","embeddable":true,"href":"https:\/\/corrientesdetarde.com\/index.php\/wp-json\/wp\/v2\/categories?post=234678"},{"taxonomy":"post_tag","embeddable":true,"href":"https:\/\/corrientesdetarde.com\/index.php\/wp-json\/wp\/v2\/tags?post=234678"}],"curies":[{"name":"wp","href":"https:\/\/api.w.org\/{rel}","templated":true}]}}