{"id":234690,"date":"2025-11-05T19:28:53","date_gmt":"2025-11-05T22:28:53","guid":{"rendered":"https:\/\/corrientesdetarde.com\/?p=234690"},"modified":"2025-11-05T19:28:59","modified_gmt":"2025-11-05T22:28:59","slug":"el-instituto-de-oncologia-realizo-cerca-de-2-000-atenciones","status":"publish","type":"post","link":"https:\/\/corrientesdetarde.com\/index.php\/actualidad\/el-instituto-de-oncologia-realizo-cerca-de-2-000-atenciones\/","title":{"rendered":"El Instituto de Oncolog\u00eda realiz\u00f3 cerca de 2.000 atenciones"},"content":{"rendered":"\n<p><em>El Ministerio de Salud P\u00fablica inform\u00f3 las especialidades que est\u00e1n recibiendo pacientes y el n\u00famero de sesiones de quimioterapia que ya se llevaron adelante. A su vez, indicaron que pueden pedir turno a un n\u00famero de WhatsApp, siempre con derivaci\u00f3n m\u00e9dica.<\/em><\/p>\n\n\n\n<p>El Instituto Oncol\u00f3gico \u201cPapa Francisco\u201d que depende del Ministerio de Salud P\u00fablica a cargo de Ricardo Cardozo, atendi\u00f3 a cerca de 2.000 personas hasta octubre inclusive. Fue inaugurado el 25 de agosto por el gobernador Gustavo Vald\u00e9s. Hay servicios a disposici\u00f3n de los y las pacientes que requieren un cuidado de calidad, pueden solicitar turno \u2013con derivaci\u00f3n de su m\u00e9dico- al n\u00famero 3794 012571.<br>Cabe recordar que es un instituto integral, dirigido por Jorge Zimerman, de referencia regional especializado exclusivamente en la atenci\u00f3n, diagn\u00f3stico y tratamiento del c\u00e1ncer, con est\u00e1ndares tecnol\u00f3gicos, funcionales y arquitect\u00f3nicos sin precedentes en la regi\u00f3n.<br>Desde este lugar, precisaron el n\u00famero de atenciones que realizaron en las siguientes especialidades: Cardiolog\u00eda, Cuidados Paliativos, Nutrici\u00f3n, Psicolog\u00eda, Psiquiatr\u00eda, Servicio Social, y tambi\u00e9n, en sesiones de quimioterapia, servicio de Limpieza Portacath y Emergencia. Adem\u00e1s de Oncolog\u00eda Control, Oncolog\u00eda con Control QT y Oncolog\u00eda por Primera Vez.<br>La cantidad m\u00e1s alta se encuentra en quienes se realizaron control oncol\u00f3gico -670-, seguido por sesiones de quimioterapia -411-. Luego, est\u00e1 el Servicio Social del Instituto con 125 atenciones. Por otra parte, unas 50 personas se hicieron por primera vez control oncol\u00f3gico.&nbsp;<br>Tambi\u00e9n, cuenta con un Banco de Drogas. El objetivo, es garantizar la provisi\u00f3n de medicamentos oncol\u00f3gicos a los pacientes.<\/p>\n\n\n\n<p><br><strong>Turnos<\/strong><br>Est\u00e1 habilitado un n\u00famero de WhatsApp para que pacientes oncol\u00f3gicos puedan solicitar turnos con especialistas. Pueden comunicarse al 3794 012571.<br>La atenci\u00f3n se gestionar\u00e1 de lunes a viernes, en el horario de 8 a 17. Es fundamental contar con la derivaci\u00f3n m\u00e9dica del profesional de cabecera, ya que esto permite una atenci\u00f3n adecuada y personalizada.<br>Para iniciar el tr\u00e1mite del turno, el paciente deber\u00e1 enviar por mensaje: foto del DNI; pedido o derivaci\u00f3n m\u00e9dica con resultado de biopsia; carnet de cobertura social (obra social, prepaga, etc.) s\u00ed la tienen.&nbsp;<br>Este servicio busca facilitar el acceso a turnos m\u00e9dicos para personas en tratamiento oncol\u00f3gico, mejorando los tiempos de atenci\u00f3n y la organizaci\u00f3n de las consultas en un \u00e1rea cr\u00edtica para la salud p\u00fablica.<\/p>\n","protected":false},"excerpt":{"rendered":"<p>El Ministerio de Salud P\u00fablica inform\u00f3 las especialidades que est\u00e1n recibiendo pacientes y el n\u00famero de sesiones de quimioterapia que ya se llevaron adelante. A su vez, indicaron que pueden&hellip; <\/p>\n","protected":false},"author":4,"featured_media":234691,"comment_status":"closed","ping_status":"open","sticky":false,"template":"","format":"standard","meta":{"footnotes":""},"categories":[23],"tags":[],"class_list":["post-234690","post","type-post","status-publish","format-standard","has-post-thumbnail","hentry","category-actualidad"],"_links":{"self":[{"href":"https:\/\/corrientesdetarde.com\/index.php\/wp-json\/wp\/v2\/posts\/234690","targetHints":{"allow":["GET"]}}],"collection":[{"href":"https:\/\/corrientesdetarde.com\/index.php\/wp-json\/wp\/v2\/posts"}],"about":[{"href":"https:\/\/corrientesdetarde.com\/index.php\/wp-json\/wp\/v2\/types\/post"}],"author":[{"embeddable":true,"href":"https:\/\/corrientesdetarde.com\/index.php\/wp-json\/wp\/v2\/users\/4"}],"replies":[{"embeddable":true,"href":"https:\/\/corrientesdetarde.com\/index.php\/wp-json\/wp\/v2\/comments?post=234690"}],"version-history":[{"count":1,"href":"https:\/\/corrientesdetarde.com\/index.php\/wp-json\/wp\/v2\/posts\/234690\/revisions"}],"predecessor-version":[{"id":234692,"href":"https:\/\/corrientesdetarde.com\/index.php\/wp-json\/wp\/v2\/posts\/234690\/revisions\/234692"}],"wp:featuredmedia":[{"embeddable":true,"href":"https:\/\/corrientesdetarde.com\/index.php\/wp-json\/wp\/v2\/media\/234691"}],"wp:attachment":[{"href":"https:\/\/corrientesdetarde.com\/index.php\/wp-json\/wp\/v2\/media?parent=234690"}],"wp:term":[{"taxonomy":"category","embeddable":true,"href":"https:\/\/corrientesdetarde.com\/index.php\/wp-json\/wp\/v2\/categories?post=234690"},{"taxonomy":"post_tag","embeddable":true,"href":"https:\/\/corrientesdetarde.com\/index.php\/wp-json\/wp\/v2\/tags?post=234690"}],"curies":[{"name":"wp","href":"https:\/\/api.w.org\/{rel}","templated":true}]}}