{"id":234698,"date":"2025-11-05T20:10:22","date_gmt":"2025-11-05T23:10:22","guid":{"rendered":"https:\/\/corrientesdetarde.com\/?p=234698"},"modified":"2025-11-05T20:10:36","modified_gmt":"2025-11-05T23:10:36","slug":"corrientes-cuatreros-sorprendidos-mientras-faenaban-un-ternero-al-costado-de-rn-14","status":"publish","type":"post","link":"https:\/\/corrientesdetarde.com\/index.php\/policiales\/corrientes-cuatreros-sorprendidos-mientras-faenaban-un-ternero-al-costado-de-rn-14\/","title":{"rendered":"Corrientes: Cuatreros sorprendidos mientras faenaban un ternero al costado de RN 14"},"content":{"rendered":"\n<p>Los malvivientes fueron detectados durante un operativo de la Polic\u00eda Rural en Paso De Los Libres. Concluy\u00f3 con dos hombres detenidos y el secuestro de un veh\u00edculo y el animal faenado.<\/p>\n\n\n\n<p>El hecho ocurri\u00f3 el martes por la tarde, cerca de las 18:00 horas. El animal vacuno ya faenado y con marca y se\u00f1al visible que no les pertenec\u00eda. Los bandidos rurales fueron encontrados a la altura del kil\u00f3metro 498<\/p>\n\n\n\n<p>Por disposici\u00f3n del Fiscal, Facundo Sotelo, se procedi\u00f3 al secuestro del veh\u00edculo, las prendas utilizadas en el hecho y el animal faenado, adem\u00e1s de la aprehensi\u00f3n inmediata de los sospechosos, quienes quedaron detenidos por abigeato en flagrancia.<\/p>\n","protected":false},"excerpt":{"rendered":"<p>Los malvivientes fueron detectados durante un operativo de la Polic\u00eda Rural en Paso De Los Libres. Concluy\u00f3 con dos hombres detenidos y el secuestro de un veh\u00edculo y el animal&hellip; <\/p>\n","protected":false},"author":4,"featured_media":234699,"comment_status":"closed","ping_status":"open","sticky":false,"template":"","format":"standard","meta":{"footnotes":""},"categories":[33],"tags":[],"class_list":["post-234698","post","type-post","status-publish","format-standard","has-post-thumbnail","hentry","category-policiales"],"_links":{"self":[{"href":"https:\/\/corrientesdetarde.com\/index.php\/wp-json\/wp\/v2\/posts\/234698","targetHints":{"allow":["GET"]}}],"collection":[{"href":"https:\/\/corrientesdetarde.com\/index.php\/wp-json\/wp\/v2\/posts"}],"about":[{"href":"https:\/\/corrientesdetarde.com\/index.php\/wp-json\/wp\/v2\/types\/post"}],"author":[{"embeddable":true,"href":"https:\/\/corrientesdetarde.com\/index.php\/wp-json\/wp\/v2\/users\/4"}],"replies":[{"embeddable":true,"href":"https:\/\/corrientesdetarde.com\/index.php\/wp-json\/wp\/v2\/comments?post=234698"}],"version-history":[{"count":1,"href":"https:\/\/corrientesdetarde.com\/index.php\/wp-json\/wp\/v2\/posts\/234698\/revisions"}],"predecessor-version":[{"id":234700,"href":"https:\/\/corrientesdetarde.com\/index.php\/wp-json\/wp\/v2\/posts\/234698\/revisions\/234700"}],"wp:featuredmedia":[{"embeddable":true,"href":"https:\/\/corrientesdetarde.com\/index.php\/wp-json\/wp\/v2\/media\/234699"}],"wp:attachment":[{"href":"https:\/\/corrientesdetarde.com\/index.php\/wp-json\/wp\/v2\/media?parent=234698"}],"wp:term":[{"taxonomy":"category","embeddable":true,"href":"https:\/\/corrientesdetarde.com\/index.php\/wp-json\/wp\/v2\/categories?post=234698"},{"taxonomy":"post_tag","embeddable":true,"href":"https:\/\/corrientesdetarde.com\/index.php\/wp-json\/wp\/v2\/tags?post=234698"}],"curies":[{"name":"wp","href":"https:\/\/api.w.org\/{rel}","templated":true}]}}