{"id":234739,"date":"2025-11-06T01:06:44","date_gmt":"2025-11-06T04:06:44","guid":{"rendered":"https:\/\/corrientesdetarde.com\/?p=234739"},"modified":"2025-11-06T01:07:15","modified_gmt":"2025-11-06T04:07:15","slug":"lionel-messi-hablo-por-primera-vez-sobre-su-deseo-de-ser-empresario","status":"publish","type":"post","link":"https:\/\/corrientesdetarde.com\/index.php\/deportes\/lionel-messi-hablo-por-primera-vez-sobre-su-deseo-de-ser-empresario\/","title":{"rendered":"Lionel Messi habl\u00f3 por primera vez sobre su deseo de ser empresario"},"content":{"rendered":"\n<p>El costado desconocido del Diez y su intenci\u00f3n de aprender sobre negocios en los \u00faltimos a\u00f1os de su carrera.<\/p>\n\n\n\n<p>Lionel Messi se present\u00f3 en el American Business Forum, un evento que reuni\u00f3 a figuras destacadas de la pol\u00edtica, las finanzas y el deporte en Miami. Despu\u00e9s de los discursos de Donald Trump y Gianni Infantino, el capit\u00e1n de la Selecci\u00f3n argentina se subi\u00f3 al escenario y le habl\u00f3 al p\u00fablico.<\/p>\n\n\n\n<p>En primer lugar, le dedic\u00f3 algunas palabras a la ciudad en la que reside actualmente luego de su mudanza a los Estados Unidos. &#8220;Desde que llegu\u00e9 a Miami fue todo espectacular, desde vivir en esta gran ciudad hasta el cari\u00f1o que me transmiti\u00f3 la gente desde el primer d\u00eda. Fue una decisi\u00f3n que tomamos en familia y creo que elegir donde uno quiere estar es important\u00edsimo&#8221;, dijo.<\/p>\n\n\n\n<p>Luego, record\u00f3 con emoci\u00f3n la Copa del Mundo que gan\u00f3 con la Albiceleste en Qatar 2022. &#8220;No puedo describir con palabras lo que signific\u00f3 ese t\u00edtulo para m\u00ed, mi familia y todo el pa\u00eds. Ten\u00edamos muchas ganas de que vuelva a suceder despu\u00e9s de todo el tiempo que pas\u00f3. Para un jugador, ganar el Mundial es lo m\u00e1ximo. Y tuve la suerte de haber ganado todo a nivel clubes. Pero esto era lo que faltaba para cerrar mi carrera con ese trofeo&#8221;.<\/p>\n\n\n\n<p>Sobre el Mundial, dej\u00f3 una frase que levant\u00f3 los aplausos en el sal\u00f3n: &#8220;Mi sensaci\u00f3n, salvando las distancias, fue la que tuve cuando nacieron mis hijos. El que lo vivi\u00f3 sabe lo que significa. Es tan especial y tan grande, que todo lo que se diga queda corto&#8221;.<\/p>\n\n\n\n<p>El nuevo rol de empresario de Lionel Messi<br>&#8220;Tuve una carrera muy larga y la gente de confianza que estuvo alrededor m\u00edo se ven\u00eda ocupando de esas cuestiones. Es verdad que en el \u00faltimo me lleg\u00f3 a interesar sobre lo que se puede hacer porque el f\u00fatbol lamentablemente tiene fecha de caducidad&#8221;, dijo antes de ser interrumpido por los aplausos del p\u00fablico.<\/p>\n\n\n\n<p>Despu\u00e9s, el Diez desarroll\u00f3: &#8220;S\u00e9 que la vida de futbolista alguna vez se termina y el mundo empresarial me interesa, quiero aprender. Hoy no s\u00e9 nada y estoy arrancando en esto. Dediqu\u00e9 el 100% de mi tiempo a mi profesi\u00f3n y a la familia, pero s\u00e9 que estoy entrando a otro mundo&#8221;.<\/p>\n\n\n\n<p>Messi est\u00e1 construyendo poco a poco un importante imperio empresarial fuera del f\u00fatbol, diversificando sus inversiones en varios sectores. Uno de sus focos principales es la hoteler\u00eda de lujo a trav\u00e9s de su cadena MiM Hotels, con establecimientos boutique en destinos privilegiados de Espa\u00f1a y Andorra, gestionados por Majestic Hotel Group. Adem\u00e1s, mantiene una fuerte presencia en el sector inmobiliario mediante su holding Limecu y tiene negocios vinculados al entretenimiento y la tecnolog\u00eda, como la productora audiovisual 525 Rosario y la firma de inversi\u00f3n Play Time Sports-Tech Holdco, que apoya startups de deportes y tecnolog\u00eda.<\/p>\n\n\n\n<p>El astro rosarino tambi\u00e9n incursion\u00f3 en el mundo de la moda con su marca de ropa The Messi Store y en la gastronom\u00eda, destac\u00e1ndose la l\u00ednea de vinos premium Lionel Collection y su reciente asociaci\u00f3n con una cadena popular de milanesas, El Club de la Milanesa, con planes de expansi\u00f3n internacional. A esto se suman proyectos en el \u00e1mbito de las bebidas con el lanzamiento de la bebida energ\u00e9tica M\u00e1s+ y su participaci\u00f3n como copropietario del equipo de esports KR\u00dc Esports, lo que demuestra su inter\u00e9s en el gaming y las nuevas tendencias.<\/p>\n","protected":false},"excerpt":{"rendered":"<p>El costado desconocido del Diez y su intenci\u00f3n de aprender sobre negocios en los \u00faltimos a\u00f1os de su carrera. Lionel Messi se present\u00f3 en el American Business Forum, un evento&hellip; <\/p>\n","protected":false},"author":4,"featured_media":234740,"comment_status":"closed","ping_status":"open","sticky":false,"template":"","format":"standard","meta":{"footnotes":""},"categories":[4],"tags":[],"class_list":["post-234739","post","type-post","status-publish","format-standard","has-post-thumbnail","hentry","category-deportes"],"_links":{"self":[{"href":"https:\/\/corrientesdetarde.com\/index.php\/wp-json\/wp\/v2\/posts\/234739","targetHints":{"allow":["GET"]}}],"collection":[{"href":"https:\/\/corrientesdetarde.com\/index.php\/wp-json\/wp\/v2\/posts"}],"about":[{"href":"https:\/\/corrientesdetarde.com\/index.php\/wp-json\/wp\/v2\/types\/post"}],"author":[{"embeddable":true,"href":"https:\/\/corrientesdetarde.com\/index.php\/wp-json\/wp\/v2\/users\/4"}],"replies":[{"embeddable":true,"href":"https:\/\/corrientesdetarde.com\/index.php\/wp-json\/wp\/v2\/comments?post=234739"}],"version-history":[{"count":1,"href":"https:\/\/corrientesdetarde.com\/index.php\/wp-json\/wp\/v2\/posts\/234739\/revisions"}],"predecessor-version":[{"id":234741,"href":"https:\/\/corrientesdetarde.com\/index.php\/wp-json\/wp\/v2\/posts\/234739\/revisions\/234741"}],"wp:featuredmedia":[{"embeddable":true,"href":"https:\/\/corrientesdetarde.com\/index.php\/wp-json\/wp\/v2\/media\/234740"}],"wp:attachment":[{"href":"https:\/\/corrientesdetarde.com\/index.php\/wp-json\/wp\/v2\/media?parent=234739"}],"wp:term":[{"taxonomy":"category","embeddable":true,"href":"https:\/\/corrientesdetarde.com\/index.php\/wp-json\/wp\/v2\/categories?post=234739"},{"taxonomy":"post_tag","embeddable":true,"href":"https:\/\/corrientesdetarde.com\/index.php\/wp-json\/wp\/v2\/tags?post=234739"}],"curies":[{"name":"wp","href":"https:\/\/api.w.org\/{rel}","templated":true}]}}