{"id":234743,"date":"2025-11-06T02:24:21","date_gmt":"2025-11-06T05:24:21","guid":{"rendered":"https:\/\/corrientesdetarde.com\/?p=234743"},"modified":"2025-11-06T02:24:52","modified_gmt":"2025-11-06T05:24:52","slug":"desarrollo-social-realizo-la-fiesta-de-la-educacion-fisica-y-la-familia-con-los-17-cdi-de-capital","status":"publish","type":"post","link":"https:\/\/corrientesdetarde.com\/index.php\/sociales\/desarrollo-social-realizo-la-fiesta-de-la-educacion-fisica-y-la-familia-con-los-17-cdi-de-capital\/","title":{"rendered":"Desarrollo Social realiz\u00f3 la Fiesta de la Educaci\u00f3n F\u00edsica y la Familia con los 17 CDI de Capital"},"content":{"rendered":"\n<p>Este mi\u00e9rcoles por la tarde se llev\u00f3 a cabo en las instalaciones del Club Atl\u00e9tico Boca Unidos, \u201cLa Fiesta de la Educaci\u00f3n F\u00edsica y la Familia\u201d con el apoyo del Gobierno de Corrientes y organizado por el ministerio de Desarrollo Social, a trav\u00e9s de la Direcci\u00f3n de la Familia y la Ni\u00f1ez y con la participaci\u00f3n de todos los&nbsp;chicos de los 17 CDI de la Capital.<\/p>\n\n\n\n<p>El acto dio inicio con la ejecuci\u00f3n de la marcha del Deporte y con el ingreso de las banderas de los 17 CDI de la Capital, portado por cada una de sus directoras.<\/p>\n\n\n\n<p>Luego de los discursos de apertura, cada CDI mostr\u00f3 por medio de sus tem\u00e1ticas, despliegue f\u00edsico con coreograf\u00edas y con m\u00fasica, la importancia de que los ni\u00f1os por medio de esta fiesta remarquen la importancia de la salud por medio del ejercicio.<\/p>\n\n\n\n<p>Cabe remarcar el acompa\u00f1amiento en gran n\u00famero de las familias de los alumnos que en todo momento apoyaron a sus hijos en este evento tan importante para ellos.<\/p>\n\n\n\n<figure class=\"wp-block-image size-large\"><img loading=\"lazy\" decoding=\"async\" width=\"1024\" height=\"673\" src=\"https:\/\/corrientesdetarde.com\/wp-content\/uploads\/2025\/11\/image-190-1024x673.png\" alt=\"\" class=\"wp-image-234746\" srcset=\"https:\/\/corrientesdetarde.com\/wp-content\/uploads\/2025\/11\/image-190-1024x673.png 1024w, https:\/\/corrientesdetarde.com\/wp-content\/uploads\/2025\/11\/image-190-300x197.png 300w, https:\/\/corrientesdetarde.com\/wp-content\/uploads\/2025\/11\/image-190-768x504.png 768w, https:\/\/corrientesdetarde.com\/wp-content\/uploads\/2025\/11\/image-190.png 1343w\" sizes=\"auto, (max-width: 1024px) 100vw, 1024px\" \/><\/figure>\n\n\n\n<p><strong>Compromiso por la ni\u00f1ez<\/strong><\/p>\n\n\n\n<p>El director de los Derechos de la Ni\u00f1ez y la Familia, Manuel Santamar\u00eda, particip\u00f3 del acto junto a familias, ni\u00f1os y docentes, donde puso en valor el acompa\u00f1amiento de la comunidad educativa y de las instituciones en las infancias.<\/p>\n\n\n\n<p>En el inicio de su intervenci\u00f3n, Santamar\u00eda agradeci\u00f3 la presencia de las autoridades y funcionarios, entre ellos la diputada Andrea Giotta, y Carlos Casella, a quien reconoci\u00f3 especialmente en el marco de su jubilaci\u00f3n. En ese sentido, el funcionario destac\u00f3 este \u00faltimo \u201cfue director de Minoridad y Familia hace, m\u00e1s o menos, diecis\u00e9is a\u00f1os atr\u00e1s\u201d, y agreg\u00f3 que el homenaje \u201ces una forma de llevarte un lindo recuerdo, Carlos, porque tambi\u00e9n fuiste parte de todo esto\u201d.<\/p>\n\n\n\n<p>Durante su mensaje, Santamar\u00eda transmiti\u00f3 los saludos del ministro de Desarrollo Social, Ad\u00e1n Gaya, quien no pudo asistir al evento debido a compromisos en el interior provincial. \u201cEl ministro quer\u00eda estar con nosotros, pero est\u00e1 en este momento en el interior\u201d, y explic\u00f3: \u201cUstedes saben que hemos tenido lluvias y un mont\u00f3n de cosas de la naturaleza, y est\u00e1 coordinando el trabajo para poder asistir a estas personas y generar acciones para ayudar a nuestros correntinos y correntinas\u201d.<\/p>\n\n\n\n<p>El director remarc\u00f3 que Gaya \u201clament\u00f3 mucho no poder estar, pero est\u00e1 haciendo un gran trabajo en el interior, y me pidi\u00f3 que acercara sus saludos y un abrazo a toda la familia\u201d.<\/p>\n\n\n\n<p>Asimismo, Santamar\u00eda agradeci\u00f3 el acompa\u00f1amiento de las familias y el compromiso del personal educativo, \u201cpor hacer posible esto, por venir hasta aqu\u00ed, por nuestros ni\u00f1os y ni\u00f1as, que nos van a mostrar un poquito de lo que han aprendido en los jardines\u201d, expres\u00f3.<\/p>\n\n\n\n<figure class=\"wp-block-image size-large\"><img loading=\"lazy\" decoding=\"async\" width=\"1024\" height=\"463\" src=\"https:\/\/corrientesdetarde.com\/wp-content\/uploads\/2025\/11\/image-191-1024x463.png\" alt=\"\" class=\"wp-image-234747\" srcset=\"https:\/\/corrientesdetarde.com\/wp-content\/uploads\/2025\/11\/image-191-1024x463.png 1024w, https:\/\/corrientesdetarde.com\/wp-content\/uploads\/2025\/11\/image-191-300x136.png 300w, https:\/\/corrientesdetarde.com\/wp-content\/uploads\/2025\/11\/image-191-768x347.png 768w, https:\/\/corrientesdetarde.com\/wp-content\/uploads\/2025\/11\/image-191-1536x695.png 1536w, https:\/\/corrientesdetarde.com\/wp-content\/uploads\/2025\/11\/image-191.png 1568w\" sizes=\"auto, (max-width: 1024px) 100vw, 1024px\" \/><\/figure>\n\n\n\n<p>Por otra parte, brind\u00f3 un mensaje de reconocimiento a las docentes y directoras: \u201cGracias a las se\u00f1os por todo lo que les ense\u00f1an a nuestros ni\u00f1os y ni\u00f1as, gracias a las directoras por el trabajo que est\u00e1n haciendo\u201d.<\/p>\n\n\n\n<p>&nbsp;\u201cEstamos aqu\u00ed con 17 centros aqu\u00ed en Capital, y tenemos otros 17 en el interior, hoy estamos aqu\u00ed para ver lo que han aprendido junto sus familias\u201d, destac\u00f3 el funcionario, en la oportunidad, y adem\u00e1s a\u00f1adi\u00f3 que \u201cesto es una muestra del derecho a la salud, al deporte, y recibir est\u00edmulos, es un d\u00eda especial\u201d.<\/p>\n\n\n\n<p>En la ocasi\u00f3n, Santamar\u00eda anticip\u00f3 que el 27 de noviembre en el Anfiteatro Cocomarola, donde se realizar\u00e1 un gran cierre del Ciclo 2025.<\/p>\n\n\n\n<p>Por \u00faltimo, el funcionario cerr\u00f3 con un \u201cbalance positivo\u201d del ciclo, destacando la inscripci\u00f3n online que ayudo a agilizar el tr\u00e1mite de inscripciones a los CDIs, y la aplicaci\u00f3n del m\u00e9todo de ense\u00f1anza Montessori con educaci\u00f3n emocional. Adem\u00e1s, en esta l\u00ednea asegur\u00f3 que \u201csomos los \u00fanicos que aplicamos el dise\u00f1o curricular de la Provincia, que implica que en la sala de 3 a\u00f1os se ense\u00f1a a los peque\u00f1os a salir preparados para ir al jard\u00edn de infantes, y que esta no sea una experiencia traum\u00e1tica\u201d.<\/p>\n\n\n\n<p><strong>Directoras Organizadoras<\/strong><\/p>\n\n\n\n<p>Las directoras de los CDI de Capital organizadoras del evento al tomar contacto con la prensa destacaron su participaci\u00f3n diciendo que \u201cnosotros estamos ac\u00e1, haciendo la fiesta de Educaci\u00f3n F\u00edsica y la Familia por los 17 Centros de Desarrollo Infantil dependientes del Ministerio de Desarrollo Social\u201d y luego remarc\u00f3 que \u201cel evento se trata del M\u00e1gico Movimiento de la Ni\u00f1ez, trabajamos en conjunto los 17 Centros y se promueve la Educaci\u00f3n F\u00edsica de la tan corta edad de los chicos, tenemos alumnos desde los 45 d\u00edas hasta los 4 a\u00f1os en todos los CDI\u201d.<\/p>\n\n\n\n<p>Al ser consultada sobre la organizaci\u00f3n del evento, otra de las directoras expres\u00f3 que \u201cnosotras estamos trabajando desde el mes de mayo, se le present\u00f3 un proyecto al Ministerio, ellos aceptaron, despu\u00e9s se les comunic\u00f3 a cada CDI lo que nosotros quer\u00edamos hacer\u201d y a\u00f1adi\u00f3 que \u201cle dimos la tem\u00e1tica, la m\u00fasica las actividades que ten\u00edan que hacer y desde ese tiempo estamos trabajando\u201d indic\u00f3.<\/p>\n\n\n\n<p><strong>Directoras Organizadoras<\/strong><\/p>\n\n\n\n<p>Una de las directoras de los CDI de Capital organizadoras del evento, Mariel Billordo del CDI \u201cSan Juancito\u201d al tomar contacto con la prensa dijo que \u201cnosotros estamos ac\u00e1, haciendo la fiesta de Educaci\u00f3n F\u00edsica y la Familia por los 17 Centros de Desarrollo Infantil dependientes del Ministerio de Desarrollo Social\u201d y luego remarc\u00f3 que \u201cel evento se trata del M\u00e1gico Movimiento de la Ni\u00f1ez, trabajamos en conjunto los 17 Centros y se promueve la Educaci\u00f3n F\u00edsica desde la tan corta edad de los chicos ya que tenemos alumnos desde los 45 d\u00edas hasta los 4 a\u00f1os en todos los CDI\u201d.<\/p>\n\n\n\n<p>Al ser consultada sobre la organizaci\u00f3n del evento, otra de las directoras, Mar\u00eda de los \u00c1ngeles Contreras del CDI \u201cMi Peque\u00f1o Hogar\u201d expres\u00f3 que \u201cnosotras estamos trabajando desde el mes de mayo, se le present\u00f3 un proyecto al Ministerio, ellos aceptaron, despu\u00e9s se les comunic\u00f3 a cada CDI lo que nosotros quer\u00edamos hacer\u201d y a\u00f1adi\u00f3 que \u201cle dimos la tem\u00e1tica, la m\u00fasica las actividades que ten\u00edan que hacer y desde ese tiempo estamos trabajando\u201d indic\u00f3.<\/p>\n\n\n\n<p>Para concluir, con respecto a la Fiesta, una tercer directora, Sandra Zelaya del CDI \u201cSan Jorge\u201d destac\u00f3 que \u201cla importancia de este evento es mostrar la actividad sobre todo con el tema de las pantallas y que los chicos est\u00e1n encerrados, mostrarle lo lindo y lo f\u00e1cil que es tenerle a los chicos en movimiento\u201d.<\/p>\n","protected":false},"excerpt":{"rendered":"<p>Este mi\u00e9rcoles por la tarde se llev\u00f3 a cabo en las instalaciones del Club Atl\u00e9tico Boca Unidos, \u201cLa Fiesta de la Educaci\u00f3n F\u00edsica y la Familia\u201d con el apoyo del&hellip; <\/p>\n","protected":false},"author":4,"featured_media":234745,"comment_status":"closed","ping_status":"open","sticky":false,"template":"","format":"standard","meta":{"footnotes":""},"categories":[17],"tags":[],"class_list":["post-234743","post","type-post","status-publish","format-standard","has-post-thumbnail","hentry","category-sociales"],"_links":{"self":[{"href":"https:\/\/corrientesdetarde.com\/index.php\/wp-json\/wp\/v2\/posts\/234743","targetHints":{"allow":["GET"]}}],"collection":[{"href":"https:\/\/corrientesdetarde.com\/index.php\/wp-json\/wp\/v2\/posts"}],"about":[{"href":"https:\/\/corrientesdetarde.com\/index.php\/wp-json\/wp\/v2\/types\/post"}],"author":[{"embeddable":true,"href":"https:\/\/corrientesdetarde.com\/index.php\/wp-json\/wp\/v2\/users\/4"}],"replies":[{"embeddable":true,"href":"https:\/\/corrientesdetarde.com\/index.php\/wp-json\/wp\/v2\/comments?post=234743"}],"version-history":[{"count":1,"href":"https:\/\/corrientesdetarde.com\/index.php\/wp-json\/wp\/v2\/posts\/234743\/revisions"}],"predecessor-version":[{"id":234748,"href":"https:\/\/corrientesdetarde.com\/index.php\/wp-json\/wp\/v2\/posts\/234743\/revisions\/234748"}],"wp:featuredmedia":[{"embeddable":true,"href":"https:\/\/corrientesdetarde.com\/index.php\/wp-json\/wp\/v2\/media\/234745"}],"wp:attachment":[{"href":"https:\/\/corrientesdetarde.com\/index.php\/wp-json\/wp\/v2\/media?parent=234743"}],"wp:term":[{"taxonomy":"category","embeddable":true,"href":"https:\/\/corrientesdetarde.com\/index.php\/wp-json\/wp\/v2\/categories?post=234743"},{"taxonomy":"post_tag","embeddable":true,"href":"https:\/\/corrientesdetarde.com\/index.php\/wp-json\/wp\/v2\/tags?post=234743"}],"curies":[{"name":"wp","href":"https:\/\/api.w.org\/{rel}","templated":true}]}}