{"id":234749,"date":"2025-11-06T09:04:32","date_gmt":"2025-11-06T12:04:32","guid":{"rendered":"https:\/\/corrientesdetarde.com\/?p=234749"},"modified":"2025-11-06T09:04:39","modified_gmt":"2025-11-06T12:04:39","slug":"tres-detenidos-por-el-homicidio-en-el-barrio-paloma-de-la-paz","status":"publish","type":"post","link":"https:\/\/corrientesdetarde.com\/index.php\/destacados\/tres-detenidos-por-el-homicidio-en-el-barrio-paloma-de-la-paz\/","title":{"rendered":"Tres detenidos por el homicidio en el barrio Paloma de la Paz"},"content":{"rendered":"\n<p>Como saldo de una doble megaredada, la Polic\u00eda detuvo a tres sospechosos por el crimen a balazos de un joven, ocurrido el martes en el capitalino barrio Paloma de la Paz, ocasi\u00f3n en la que un adolescente de 17 a\u00f1os tambi\u00e9n result\u00f3 herido de bala. Uno de ellos ser\u00eda part\u00edcipe directo en calidad de autor o coautor, explicaron fuentes del caso. En tanto, otros dos presuntos involucrados permanec\u00edan en calidad de pr\u00f3fugos, aunque sus detenciones ser\u00edan inminentes.<\/p>\n\n\n\n<p><\/p>\n\n\n\n<p>En los procedimientos concretados entre el martes y ayer, realizados en el barrio Villa Raquel, puntualmente en la zona conocida como &#8220;Loma Linda&#8221;, localizaron a las personas identificadas como Angel Gabriel S., de 24 a\u00f1os, alias &#8220;Cuchuflo&#8221;; Sergio S. C., apodado como &#8220;Pinki&#8221; y un joven de apellido Ben\u00edtez, cuyo mote es el de &#8220;Indio&#8221;.<\/p>\n\n\n\n<p>Los sujetos que todav\u00eda hasta anoche eran buscados son amigos y presuntos miembros de la misma pandilla que el resto: ellos son &#8220;Mauri&#8221; y &#8220;Matute&#8221;, explicaron a diario \u00e9poca fuentes del caso.<\/p>\n\n\n\n<p>En una de las casas requisadas ayer encontraron 19 envoltorios de clorhidrato de coca\u00edna. El lugar, al parecer, funcionar\u00eda como un supuesto &#8220;kiosco&#8221; de comercializaci\u00f3n de droga al menudeo.<\/p>\n\n\n\n<p>El menor que sobrevivi\u00f3 a la balacera habr\u00eda aportado alguno de esos alias antes de ser internado en el Hospital Escuela. Tal adolescente sufri\u00f3 un impacto en la espalda justo en el momento que habr\u00eda intentado escapar de los agresores, quienes aparecieron de forma sorpresiva en la esquina de Francia y Valdepe\u00f1as.<\/p>\n\n\n\n<p>Los primeros trabajos de investigaci\u00f3n recayeron en autoridades de la comisar\u00eda seccional Vigesimoprimera. Despu\u00e9s, con la colaboraci\u00f3n de efectivos de la Direcci\u00f3n de Investigaci\u00f3n Criminal, Unidad Especial Antiarrebatos y grupos especiales (Infanter\u00eda, Polic\u00eda de Alto Riesgo, Grupo T\u00e1ctico Operacional) realizaron al menos cinco allanamientos.<\/p>\n\n\n\n<p>Desde la Polic\u00eda agregaron que el m\u00f3vil del homicidio ser\u00eda por la enemistad entre dos facciones, una del &#8220;Loma Linda&#8221; y otra formada en el Paloma de la Paz. Tales grupos protagonizaron numerosos enfrentamientos durante los \u00faltimos meses, principalmente en calle Cartagena, arteria que separa a uno y otro barrio.<\/p>\n\n\n\n<p>Sumado a ese problema entre pandillas barriales existir\u00eda otro motivo relacionado a la venta de estupefacientes. En tal sentido, los investigadores no ten\u00edan muy en claro si el objetivo principal del atentado a balazos era Centuri\u00f3n o el menor de apodo &#8220;Laucha&#8221;, a quien en otra oportunidad habr\u00edan intentado balear en igual barrio.<\/p>\n\n\n\n<p>Centuri\u00f3n y el adolescente estaban frente a una casa cuando llegaron los tiradores con una pistola.<\/p>\n\n\n\n<p>La v\u00edctima del homicidio sufri\u00f3 un impacto en el lado izquierdo del pecho. Su muerte fue en el acto.<\/p>\n\n\n\n<p>Cuando llegaron los primeros polic\u00edas, el martes alrededor de la 1, hallaron a Enzo tirado en medio de la calle boca arriba junto a un charco de agua.<\/p>\n\n\n\n<p>Los estampidos alarmaron a vecinos, entre ellos familiares de &#8220;Laucha&#8221;, cuyo domicilio est\u00e1 ubicado a poca distancia del punto donde sufri\u00f3 el balazo.<\/p>\n\n\n\n<p>La madre del menor lo acompa\u00f1\u00f3 hasta el Centro de Atenci\u00f3n Primaria de la Salud 4 del barrio 9 de Julio. Hasta all\u00ed llegaron sobre una motocicleta.<\/p>\n\n\n\n<p>Despu\u00e9s, el adolescente debi\u00f3 ser trasladado de urgencia al Hospital Escuela donde fue intervenido quir\u00fargicamente. El balazo que puso en riesgo su vida ingres\u00f3 en el lado izquierdo de la espalda.<\/p>\n\n\n\n<p>Si bien los autores materiales ser\u00edan dos, los dem\u00e1s sospechosos habr\u00edan actuado en otros roles, uno de ellos facilitando el arma de fuego y otros como encubridores. Por todo esto, las autoridades esperaban conocer el testimonio detallado del menor herido para determinar la acusaci\u00f3n.<\/p>\n\n\n\n<p>Tanto homicidas como v\u00edctimas tuvieron antes de este crimen inconvenientes legales por distintos delitos.<\/p>\n\n\n\n<figure class=\"wp-block-image size-full\"><img loading=\"lazy\" decoding=\"async\" width=\"800\" height=\"631\" src=\"https:\/\/corrientesdetarde.com\/wp-content\/uploads\/2025\/11\/image-199.png\" alt=\"\" class=\"wp-image-234762\" srcset=\"https:\/\/corrientesdetarde.com\/wp-content\/uploads\/2025\/11\/image-199.png 800w, https:\/\/corrientesdetarde.com\/wp-content\/uploads\/2025\/11\/image-199-300x237.png 300w, https:\/\/corrientesdetarde.com\/wp-content\/uploads\/2025\/11\/image-199-768x606.png 768w\" sizes=\"auto, (max-width: 800px) 100vw, 800px\" \/><\/figure>\n\n\n\n<figure class=\"wp-block-image size-full\"><img loading=\"lazy\" decoding=\"async\" width=\"800\" height=\"624\" src=\"https:\/\/corrientesdetarde.com\/wp-content\/uploads\/2025\/11\/image-198.png\" alt=\"\" class=\"wp-image-234761\" srcset=\"https:\/\/corrientesdetarde.com\/wp-content\/uploads\/2025\/11\/image-198.png 800w, https:\/\/corrientesdetarde.com\/wp-content\/uploads\/2025\/11\/image-198-300x234.png 300w, https:\/\/corrientesdetarde.com\/wp-content\/uploads\/2025\/11\/image-198-768x599.png 768w\" sizes=\"auto, (max-width: 800px) 100vw, 800px\" \/><\/figure>\n","protected":false},"excerpt":{"rendered":"<p>Como saldo de una doble megaredada, la Polic\u00eda detuvo a tres sospechosos por el crimen a balazos de un joven, ocurrido el martes en el capitalino barrio Paloma de la&hellip; <\/p>\n","protected":false},"author":1,"featured_media":234760,"comment_status":"closed","ping_status":"open","sticky":false,"template":"","format":"standard","meta":{"footnotes":""},"categories":[26],"tags":[],"class_list":["post-234749","post","type-post","status-publish","format-standard","has-post-thumbnail","hentry","category-destacados"],"_links":{"self":[{"href":"https:\/\/corrientesdetarde.com\/index.php\/wp-json\/wp\/v2\/posts\/234749","targetHints":{"allow":["GET"]}}],"collection":[{"href":"https:\/\/corrientesdetarde.com\/index.php\/wp-json\/wp\/v2\/posts"}],"about":[{"href":"https:\/\/corrientesdetarde.com\/index.php\/wp-json\/wp\/v2\/types\/post"}],"author":[{"embeddable":true,"href":"https:\/\/corrientesdetarde.com\/index.php\/wp-json\/wp\/v2\/users\/1"}],"replies":[{"embeddable":true,"href":"https:\/\/corrientesdetarde.com\/index.php\/wp-json\/wp\/v2\/comments?post=234749"}],"version-history":[{"count":1,"href":"https:\/\/corrientesdetarde.com\/index.php\/wp-json\/wp\/v2\/posts\/234749\/revisions"}],"predecessor-version":[{"id":234763,"href":"https:\/\/corrientesdetarde.com\/index.php\/wp-json\/wp\/v2\/posts\/234749\/revisions\/234763"}],"wp:featuredmedia":[{"embeddable":true,"href":"https:\/\/corrientesdetarde.com\/index.php\/wp-json\/wp\/v2\/media\/234760"}],"wp:attachment":[{"href":"https:\/\/corrientesdetarde.com\/index.php\/wp-json\/wp\/v2\/media?parent=234749"}],"wp:term":[{"taxonomy":"category","embeddable":true,"href":"https:\/\/corrientesdetarde.com\/index.php\/wp-json\/wp\/v2\/categories?post=234749"},{"taxonomy":"post_tag","embeddable":true,"href":"https:\/\/corrientesdetarde.com\/index.php\/wp-json\/wp\/v2\/tags?post=234749"}],"curies":[{"name":"wp","href":"https:\/\/api.w.org\/{rel}","templated":true}]}}